{"id":2567,"date":"2015-06-13T09:00:46","date_gmt":"2015-06-13T07:00:46","guid":{"rendered":"http:\/\/www.scuolaromit.it\/articoli\/?p=563"},"modified":"2021-04-01T12:45:03","modified_gmt":"2021-04-01T10:45:03","slug":"el-moises-de-miguel-angel-en-san-pietro-in-vincoli","status":"publish","type":"post","link":"https:\/\/scuolaromit.com\/es\/el-moises-de-miguel-angel-en-san-pietro-in-vincoli\/","title":{"rendered":"El Mois\u00e9s de Miguel \u00c1ngel en San Pietro in Vincoli"},"content":{"rendered":"<p>A principios del siglo XVI, <strong>Miguel \u00c1ngel<\/strong> era ya famoso, en Roma y Florencia, como un joven artista capaz de realizar obras excepcionales. De hecho ya hab\u00eda esculpido la Piedad, y el David a la edad de tan solo 23 a\u00f1os. Despu\u00e9s de su primera estancia en Roma y la serie de obras florentinas, su fama estaba en lo m\u00e1s alto, como confirma Vasari que, en su obra <i>Vite<\/i>, escribe: \u201ctanta era la fama de Miguel \u00c1ngel por sus obras <i>La Piedad, el Gigante de Florencia<\/i>, que el Papa Julio II decidi\u00f3 encargarle la construcci\u00f3n de su propia sepultura\u201d.<\/p>\n<p><img decoding=\"async\" class=\"aligncenter size-large wp-image-374\" src=\"http:\/\/www.scuolaromit.com\/es\/wp-content\/uploads\/sites\/3\/2015\/03\/Michelangelo-Tomba-di-Giulio-II-550x413.jpg\" alt=\"Michelangelo-Tomba-di-Giulio-II\" width=\"550\" height=\"413\" \/><\/p>\n<p><strong>El encargo de trabajar en la tumba de Julio II, que nunca la ver\u00e1 terminada porque morir\u00e1 en 1513, se le asigna a Miguel \u00c1ngel en 1505<\/strong>. Mientras tanto, Miguel \u00c1ngel pintar\u00e1 la b\u00f3veda de la Capilla Sixtina (1508-1512) encargo siempre de Julio II (fallecido en 1513), realizar\u00e1 las maravillosas tumbas de los <i>Medici <\/i>(una poderosa e influyente familia del Renacimiento en Florencia) y atender\u00e1 a los trabajos de la nueva sacrist\u00eda de San Lorenzo en Florencia (1520-1534), adem\u00e1s de pintar el Juicio Final en la Capilla Sixtina (1535-1541). Sin embargo, el dise\u00f1o final de la tumba de Julio II, fue modificado respecto al original: de la idea de un gigantesco mausoleo que deber\u00eda contener m\u00e1s de cuarenta estatuas, se lleg\u00f3 despu\u00e9s de seis proyectos diferentes, a elegir un monumento parietal con siete estatuas, solo tres de las cuales pertenecen a la mano del artista de Arezzo.<\/p>\n<p><strong>\u00c9l vivi\u00f3 el encargo de este trabajo con gran ansia y presi\u00f3n psicol\u00f3gica<\/strong>, tanto como para definirlo una \u201c<em>tragedia<\/em>\u201d: las maledicencias, las envidias y las acusaciones que el entorno romano lanz\u00f3 durante todos los a\u00f1os de trabajo le costaron caro en t\u00e9rminos morales y psicof\u00edsicos.<\/p>\n<p><strong>Aunque redimensionada, la sepultura papal mantiene una linealidad compositiva notable y, aunque con el tiempo ha sido fuertemente criticada por no parecer digna para un Papa, confirma la excelencia de Miguel \u00c1ngel<\/strong>. Hoy se confirma como una de las obras clave para entender no s\u00f3lo la obra del gran artista de Arezzo, si no todo el arte del Siglo XVI: un periodo art\u00edstico fuertemente ligado a las vicisitudes pol\u00edticas y religiosas de la transici\u00f3n de la reforma a la contrarreforma del Concilio de Trento.<\/p>\n<p>Uno de los elementos que contribuye sustancialmente a la unificaci\u00f3n de toda la obra es sin duda el Mois\u00e9s, tanto que se convierte en sin\u00f3nimo de esa sepultura, que deb\u00eda haber solo decorado. Los trabajos en la estatua comenzaron en 1514, con el segundo dise\u00f1o de la tumba papal, que hab\u00eda sido completado el a\u00f1o anterior. En el dise\u00f1o definitivo, la estatua fue colocada en el centro del orden inferior del monumento, aunque originariamente deber\u00eda haber sido colocada en posici\u00f3n sobre elevada.<\/p>\n<p><strong>Mucho se ha dicho y escrito sobre esta obra maestra<\/strong>. Historias, testimonios, an\u00e1lisis y leyendas se superponen y contribuyen para que sea uno de los trabajos m\u00e1s ricos en significado entre todas las obras de Miguel \u00c1ngel. Hablar de ello significa no s\u00f3lo darle una descripci\u00f3n formal, sino tambi\u00e9n retroceder a siglos de contribuciones cr\u00edticas que se superponen, se refuerzan y se contradicen una con otra. Para empezar, podemos decir que el Mois\u00e9s de Miguel \u00c1ngel, sin duda no es el Mois\u00e9s b\u00edblico que, seg\u00fan el Antiguo Testamento, ten\u00eda un car\u00e1cter col\u00e9rico y lanz\u00f3 al suelo las Tablas de la Ley reci\u00e9n recibidas de Dios, despu\u00e9s de ver a los hebreos que, cansados de esperarlo, hab\u00edan empezado a adorar un becerro de oro.<\/p>\n<p>Seg\u00fan Freud, que permaneci\u00f3 asombrado por la estatua, el Mois\u00e9s de m\u00e1rmol es un hombre dividido entre impetuosidad y firmeza interior, seguramente no dominado por la ira. De hecho, la ira fue ganada por la firmeza y produce una actitud de dolor mezclado con desprecio. <strong>Pero las interpretaciones pueden ser muchas y la de Freud parece, a pesar de todo, condicionada por alguna deformaci\u00f3n profesional<\/strong>.<\/p>\n<p>En cualquier caso, la fuerza de su expresi\u00f3n es tal que, seg\u00fan Vasari, muchos hebreos romanos abarrotaban la bas\u00edlica para admirarlo, a pesar de que se tratase de un lugar de culto cat\u00f3lico. La barba espesa y maravillosamente tallada en m\u00e1rmol, la mirada severa y vigorosa, las manos grandes que recuerdan a las del David florentino y, sobre todo, la torsi\u00f3n del cuerpo: <strong>Mois\u00e9s aparece atrapado en el instante inmediatamente despu\u00e9s de un impulso que lo distrajo de una profunda reflexi\u00f3n<\/strong>. Parece a punto de ponerse en pie, creando una sensaci\u00f3n de reverencia y de temor hacia la obra de arte en s\u00ed, m\u00e1s que el personaje b\u00edblico.<\/p>\n<p><img decoding=\"async\" class=\"aligncenter size-large wp-image-375\" src=\"http:\/\/www.scuolaromit.com\/es\/wp-content\/uploads\/sites\/3\/2015\/03\/Mos-di-Michelangelo-550x413.jpg\" alt=\"Mos\u00e8-di-Michelangelo-Corna\" width=\"550\" height=\"413\" \/><\/p>\n<p>Sin embargo, los cuernos que tanto intrigan a los que se acercan por primera vez la estatua, y que parecen inexplicables, son en realidad parte de la tradicional iconograf\u00eda que acompa\u00f1a a la representaci\u00f3n de Mois\u00e9s y que se originan en la traducci\u00f3n del texto de San Jer\u00f3nimo del \u00c9xodo. Originalmente, de hecho, el texto b\u00edblico describe a Mois\u00e9s envuelto en rayos de luz despu\u00e9s de recibir las Tablas de la Ley: la sucesiva traducci\u00f3n interpret\u00f3 la palabra <i>karan <\/i>(destello o iluminaci\u00f3n) por <i>keren <\/i>(cuernos).<\/p>\n<p><strong>El hecho de que esta caracter\u00edstica fuese una costumbre repetidamente utilizada en el tiempo de Miguel \u00c1ngel queda confirmado por una interpretaci\u00f3n de Condivi<\/strong>: \u201c<em>tiene, como se dice normalmente, los dos cuernos en la cabeza, cerca de la parte superior de la frente<\/em>\u201d.<\/p>\n<p>Se dice que Miguel \u00c1ngel, despu\u00e9s de haber terminado el trabajo, en un momento de contemplaci\u00f3n y de moment\u00e1nea enajenaci\u00f3n (algo que Kant, dos siglos despu\u00e9s, habr\u00eda definido <i>sublime<\/i>), grit\u00f3 a la estatua: \u201c\u00bfPor qu\u00e9 no hablas?\u201d, d\u00e1ndole un martillazo en la rodilla.<\/p>\n<p><strong>Aunque hay mucha duda sobre la veracidad de esta an\u00e9cdota<\/strong> (parece una solemne exaltaci\u00f3n del genio de tipo rom\u00e1ntico para parecer veros\u00edmil), el gran realismo de la obra, unido al sentido de reverencia solemne del cual hemos hablado, da a entender las razones de ese acto legendario.<\/p>\n","protected":false},"excerpt":{"rendered":"<p>A principios del siglo XVI, Miguel \u00c1ngel era ya famoso,  [&#8230;]<\/p>\n","protected":false},"author":3,"featured_media":374,"comment_status":"open","ping_status":"open","sticky":false,"template":"","format":"standard","meta":{"footnotes":""},"categories":[55,54,12],"tags":[],"class_list":["post-2567","post","type-post","status-publish","format-standard","has-post-thumbnail","hentry","category-articulos-es","category-blog-es","category-sin-categorizar"],"yoast_head":"<!-- This site is optimized with the Yoast SEO plugin v26.5 - https:\/\/yoast.com\/wordpress\/plugins\/seo\/ -->\n<title>El Mois\u00e9s de Miguel \u00c1ngel en San Pietro in Vincoli &#8211; Scuola Romit<\/title>\n<meta name=\"robots\" content=\"index, follow, max-snippet:-1, max-image-preview:large, max-video-preview:-1\" \/>\n<link rel=\"canonical\" href=\"https:\/\/scuolaromit.com\/es\/el-moises-de-miguel-angel-en-san-pietro-in-vincoli\/\" \/>\n<meta property=\"og:locale\" content=\"es_ES\" \/>\n<meta property=\"og:type\" content=\"article\" \/>\n<meta property=\"og:title\" content=\"El Mois\u00e9s de Miguel \u00c1ngel en San Pietro in Vincoli &#8211; Scuola Romit\" \/>\n<meta property=\"og:description\" content=\"A principios del siglo XVI, Miguel \u00c1ngel era ya famoso, [...]\" \/>\n<meta property=\"og:url\" content=\"https:\/\/scuolaromit.com\/es\/el-moises-de-miguel-angel-en-san-pietro-in-vincoli\/\" \/>\n<meta property=\"og:site_name\" content=\"Scuola Romit\" \/>\n<meta property=\"article:publisher\" content=\"https:\/\/www.facebook.com\/ScuolaRomit\" \/>\n<meta property=\"article:published_time\" content=\"2015-06-13T07:00:46+00:00\" \/>\n<meta property=\"article:modified_time\" content=\"2021-04-01T10:45:03+00:00\" \/>\n<meta property=\"og:image\" content=\"https:\/\/scuolaromit.com\/wp-content\/uploads\/2020\/07\/logo5.gif\" \/>\n\t<meta property=\"og:image:width\" content=\"200\" \/>\n\t<meta property=\"og:image:height\" content=\"188\" \/>\n\t<meta property=\"og:image:type\" content=\"image\/gif\" \/>\n<meta name=\"author\" content=\"scuolaromit\" \/>\n<meta name=\"twitter:card\" content=\"summary_large_image\" \/>\n<meta name=\"twitter:label1\" content=\"Escrito por\" \/>\n\t<meta name=\"twitter:data1\" content=\"scuolaromit\" \/>\n\t<meta name=\"twitter:label2\" content=\"Tiempo de lectura\" \/>\n\t<meta name=\"twitter:data2\" content=\"5 minutos\" \/>\n<script type=\"application\/ld+json\" class=\"yoast-schema-graph\">{\"@context\":\"https:\/\/schema.org\",\"@graph\":[{\"@type\":\"Article\",\"@id\":\"https:\/\/scuolaromit.com\/es\/el-moises-de-miguel-angel-en-san-pietro-in-vincoli\/#article\",\"isPartOf\":{\"@id\":\"https:\/\/scuolaromit.com\/es\/el-moises-de-miguel-angel-en-san-pietro-in-vincoli\/\"},\"author\":{\"name\":\"scuolaromit\",\"@id\":\"https:\/\/scuolaromit.com\/fr\/#\/schema\/person\/4b236a84dc94303b142b56864d9823ec\"},\"headline\":\"El Mois\u00e9s de Miguel \u00c1ngel en San Pietro in Vincoli\",\"datePublished\":\"2015-06-13T07:00:46+00:00\",\"dateModified\":\"2021-04-01T10:45:03+00:00\",\"mainEntityOfPage\":{\"@id\":\"https:\/\/scuolaromit.com\/es\/el-moises-de-miguel-angel-en-san-pietro-in-vincoli\/\"},\"wordCount\":1064,\"commentCount\":0,\"publisher\":{\"@id\":\"https:\/\/scuolaromit.com\/fr\/#organization\"},\"image\":{\"@id\":\"https:\/\/scuolaromit.com\/es\/el-moises-de-miguel-angel-en-san-pietro-in-vincoli\/#primaryimage\"},\"thumbnailUrl\":\"https:\/\/scuolaromit.com\/wp-content\/uploads\/2020\/07\/logo5.gif\",\"articleSection\":[\"Articulos ES\",\"Blog\",\"Sin categorizar\"],\"inLanguage\":\"es\",\"potentialAction\":[{\"@type\":\"CommentAction\",\"name\":\"Comment\",\"target\":[\"https:\/\/scuolaromit.com\/es\/el-moises-de-miguel-angel-en-san-pietro-in-vincoli\/#respond\"]}]},{\"@type\":\"WebPage\",\"@id\":\"https:\/\/scuolaromit.com\/es\/el-moises-de-miguel-angel-en-san-pietro-in-vincoli\/\",\"url\":\"https:\/\/scuolaromit.com\/es\/el-moises-de-miguel-angel-en-san-pietro-in-vincoli\/\",\"name\":\"El Mois\u00e9s de Miguel \u00c1ngel en San Pietro in Vincoli &#8211; Scuola Romit\",\"isPartOf\":{\"@id\":\"https:\/\/scuolaromit.com\/fr\/#website\"},\"primaryImageOfPage\":{\"@id\":\"https:\/\/scuolaromit.com\/es\/el-moises-de-miguel-angel-en-san-pietro-in-vincoli\/#primaryimage\"},\"image\":{\"@id\":\"https:\/\/scuolaromit.com\/es\/el-moises-de-miguel-angel-en-san-pietro-in-vincoli\/#primaryimage\"},\"thumbnailUrl\":\"https:\/\/scuolaromit.com\/wp-content\/uploads\/2020\/07\/logo5.gif\",\"datePublished\":\"2015-06-13T07:00:46+00:00\",\"dateModified\":\"2021-04-01T10:45:03+00:00\",\"breadcrumb\":{\"@id\":\"https:\/\/scuolaromit.com\/es\/el-moises-de-miguel-angel-en-san-pietro-in-vincoli\/#breadcrumb\"},\"inLanguage\":\"es\",\"potentialAction\":[{\"@type\":\"ReadAction\",\"target\":[\"https:\/\/scuolaromit.com\/es\/el-moises-de-miguel-angel-en-san-pietro-in-vincoli\/\"]}]},{\"@type\":\"ImageObject\",\"inLanguage\":\"es\",\"@id\":\"https:\/\/scuolaromit.com\/es\/el-moises-de-miguel-angel-en-san-pietro-in-vincoli\/#primaryimage\",\"url\":\"https:\/\/scuolaromit.com\/wp-content\/uploads\/2020\/07\/logo5.gif\",\"contentUrl\":\"https:\/\/scuolaromit.com\/wp-content\/uploads\/2020\/07\/logo5.gif\",\"width\":200,\"height\":188},{\"@type\":\"BreadcrumbList\",\"@id\":\"https:\/\/scuolaromit.com\/es\/el-moises-de-miguel-angel-en-san-pietro-in-vincoli\/#breadcrumb\",\"itemListElement\":[{\"@type\":\"ListItem\",\"position\":1,\"name\":\"Accueil\",\"item\":\"https:\/\/scuolaromit.com\/es\/\"},{\"@type\":\"ListItem\",\"position\":2,\"name\":\"El Mois\u00e9s de Miguel \u00c1ngel en San Pietro in Vincoli\"}]},{\"@type\":\"WebSite\",\"@id\":\"https:\/\/scuolaromit.com\/fr\/#website\",\"url\":\"https:\/\/scuolaromit.com\/fr\/\",\"name\":\"Scuola Romit\",\"description\":\"La scuola per imparare l&#039;italiano vivendolo\",\"publisher\":{\"@id\":\"https:\/\/scuolaromit.com\/fr\/#organization\"},\"potentialAction\":[{\"@type\":\"SearchAction\",\"target\":{\"@type\":\"EntryPoint\",\"urlTemplate\":\"https:\/\/scuolaromit.com\/fr\/?s={search_term_string}\"},\"query-input\":{\"@type\":\"PropertyValueSpecification\",\"valueRequired\":true,\"valueName\":\"search_term_string\"}}],\"inLanguage\":\"es\"},{\"@type\":\"Organization\",\"@id\":\"https:\/\/scuolaromit.com\/fr\/#organization\",\"name\":\"Scuola Romit\",\"url\":\"https:\/\/scuolaromit.com\/fr\/\",\"logo\":{\"@type\":\"ImageObject\",\"inLanguage\":\"es\",\"@id\":\"https:\/\/scuolaromit.com\/fr\/#\/schema\/logo\/image\/\",\"url\":\"https:\/\/scuolaromit.com\/wp-content\/uploads\/2020\/07\/logo-1.jpg\",\"contentUrl\":\"https:\/\/scuolaromit.com\/wp-content\/uploads\/2020\/07\/logo-1.jpg\",\"width\":452,\"height\":152,\"caption\":\"Scuola Romit\"},\"image\":{\"@id\":\"https:\/\/scuolaromit.com\/fr\/#\/schema\/logo\/image\/\"},\"sameAs\":[\"https:\/\/www.facebook.com\/ScuolaRomit\",\"https:\/\/www.instagram.com\/scuolaromit\/\"]},{\"@type\":\"Person\",\"@id\":\"https:\/\/scuolaromit.com\/fr\/#\/schema\/person\/4b236a84dc94303b142b56864d9823ec\",\"name\":\"scuolaromit\",\"image\":{\"@type\":\"ImageObject\",\"inLanguage\":\"es\",\"@id\":\"https:\/\/scuolaromit.com\/fr\/#\/schema\/person\/image\/\",\"url\":\"https:\/\/secure.gravatar.com\/avatar\/363442ba35974175a79e19d11efcb05f3f78296827a7dfd49f84dd549f4144e9?s=96&d=mm&r=g\",\"contentUrl\":\"https:\/\/secure.gravatar.com\/avatar\/363442ba35974175a79e19d11efcb05f3f78296827a7dfd49f84dd549f4144e9?s=96&d=mm&r=g\",\"caption\":\"scuolaromit\"}}]}<\/script>\n<!-- \/ Yoast SEO plugin. -->","yoast_head_json":{"title":"El Mois\u00e9s de Miguel \u00c1ngel en San Pietro in Vincoli &#8211; Scuola Romit","robots":{"index":"index","follow":"follow","max-snippet":"max-snippet:-1","max-image-preview":"max-image-preview:large","max-video-preview":"max-video-preview:-1"},"canonical":"https:\/\/scuolaromit.com\/es\/el-moises-de-miguel-angel-en-san-pietro-in-vincoli\/","og_locale":"es_ES","og_type":"article","og_title":"El Mois\u00e9s de Miguel \u00c1ngel en San Pietro in Vincoli &#8211; Scuola Romit","og_description":"A principios del siglo XVI, Miguel \u00c1ngel era ya famoso, [...]","og_url":"https:\/\/scuolaromit.com\/es\/el-moises-de-miguel-angel-en-san-pietro-in-vincoli\/","og_site_name":"Scuola Romit","article_publisher":"https:\/\/www.facebook.com\/ScuolaRomit","article_published_time":"2015-06-13T07:00:46+00:00","article_modified_time":"2021-04-01T10:45:03+00:00","og_image":[{"width":200,"height":188,"url":"https:\/\/scuolaromit.com\/wp-content\/uploads\/2020\/07\/logo5.gif","type":"image\/gif"}],"author":"scuolaromit","twitter_card":"summary_large_image","twitter_misc":{"Escrito por":"scuolaromit","Tiempo de lectura":"5 minutos"},"schema":{"@context":"https:\/\/schema.org","@graph":[{"@type":"Article","@id":"https:\/\/scuolaromit.com\/es\/el-moises-de-miguel-angel-en-san-pietro-in-vincoli\/#article","isPartOf":{"@id":"https:\/\/scuolaromit.com\/es\/el-moises-de-miguel-angel-en-san-pietro-in-vincoli\/"},"author":{"name":"scuolaromit","@id":"https:\/\/scuolaromit.com\/fr\/#\/schema\/person\/4b236a84dc94303b142b56864d9823ec"},"headline":"El Mois\u00e9s de Miguel \u00c1ngel en San Pietro in Vincoli","datePublished":"2015-06-13T07:00:46+00:00","dateModified":"2021-04-01T10:45:03+00:00","mainEntityOfPage":{"@id":"https:\/\/scuolaromit.com\/es\/el-moises-de-miguel-angel-en-san-pietro-in-vincoli\/"},"wordCount":1064,"commentCount":0,"publisher":{"@id":"https:\/\/scuolaromit.com\/fr\/#organization"},"image":{"@id":"https:\/\/scuolaromit.com\/es\/el-moises-de-miguel-angel-en-san-pietro-in-vincoli\/#primaryimage"},"thumbnailUrl":"https:\/\/scuolaromit.com\/wp-content\/uploads\/2020\/07\/logo5.gif","articleSection":["Articulos ES","Blog","Sin categorizar"],"inLanguage":"es","potentialAction":[{"@type":"CommentAction","name":"Comment","target":["https:\/\/scuolaromit.com\/es\/el-moises-de-miguel-angel-en-san-pietro-in-vincoli\/#respond"]}]},{"@type":"WebPage","@id":"https:\/\/scuolaromit.com\/es\/el-moises-de-miguel-angel-en-san-pietro-in-vincoli\/","url":"https:\/\/scuolaromit.com\/es\/el-moises-de-miguel-angel-en-san-pietro-in-vincoli\/","name":"El Mois\u00e9s de Miguel \u00c1ngel en San Pietro in Vincoli &#8211; Scuola Romit","isPartOf":{"@id":"https:\/\/scuolaromit.com\/fr\/#website"},"primaryImageOfPage":{"@id":"https:\/\/scuolaromit.com\/es\/el-moises-de-miguel-angel-en-san-pietro-in-vincoli\/#primaryimage"},"image":{"@id":"https:\/\/scuolaromit.com\/es\/el-moises-de-miguel-angel-en-san-pietro-in-vincoli\/#primaryimage"},"thumbnailUrl":"https:\/\/scuolaromit.com\/wp-content\/uploads\/2020\/07\/logo5.gif","datePublished":"2015-06-13T07:00:46+00:00","dateModified":"2021-04-01T10:45:03+00:00","breadcrumb":{"@id":"https:\/\/scuolaromit.com\/es\/el-moises-de-miguel-angel-en-san-pietro-in-vincoli\/#breadcrumb"},"inLanguage":"es","potentialAction":[{"@type":"ReadAction","target":["https:\/\/scuolaromit.com\/es\/el-moises-de-miguel-angel-en-san-pietro-in-vincoli\/"]}]},{"@type":"ImageObject","inLanguage":"es","@id":"https:\/\/scuolaromit.com\/es\/el-moises-de-miguel-angel-en-san-pietro-in-vincoli\/#primaryimage","url":"https:\/\/scuolaromit.com\/wp-content\/uploads\/2020\/07\/logo5.gif","contentUrl":"https:\/\/scuolaromit.com\/wp-content\/uploads\/2020\/07\/logo5.gif","width":200,"height":188},{"@type":"BreadcrumbList","@id":"https:\/\/scuolaromit.com\/es\/el-moises-de-miguel-angel-en-san-pietro-in-vincoli\/#breadcrumb","itemListElement":[{"@type":"ListItem","position":1,"name":"Accueil","item":"https:\/\/scuolaromit.com\/es\/"},{"@type":"ListItem","position":2,"name":"El Mois\u00e9s de Miguel \u00c1ngel en San Pietro in Vincoli"}]},{"@type":"WebSite","@id":"https:\/\/scuolaromit.com\/fr\/#website","url":"https:\/\/scuolaromit.com\/fr\/","name":"Scuola Romit","description":"La scuola per imparare l&#039;italiano vivendolo","publisher":{"@id":"https:\/\/scuolaromit.com\/fr\/#organization"},"potentialAction":[{"@type":"SearchAction","target":{"@type":"EntryPoint","urlTemplate":"https:\/\/scuolaromit.com\/fr\/?s={search_term_string}"},"query-input":{"@type":"PropertyValueSpecification","valueRequired":true,"valueName":"search_term_string"}}],"inLanguage":"es"},{"@type":"Organization","@id":"https:\/\/scuolaromit.com\/fr\/#organization","name":"Scuola Romit","url":"https:\/\/scuolaromit.com\/fr\/","logo":{"@type":"ImageObject","inLanguage":"es","@id":"https:\/\/scuolaromit.com\/fr\/#\/schema\/logo\/image\/","url":"https:\/\/scuolaromit.com\/wp-content\/uploads\/2020\/07\/logo-1.jpg","contentUrl":"https:\/\/scuolaromit.com\/wp-content\/uploads\/2020\/07\/logo-1.jpg","width":452,"height":152,"caption":"Scuola Romit"},"image":{"@id":"https:\/\/scuolaromit.com\/fr\/#\/schema\/logo\/image\/"},"sameAs":["https:\/\/www.facebook.com\/ScuolaRomit","https:\/\/www.instagram.com\/scuolaromit\/"]},{"@type":"Person","@id":"https:\/\/scuolaromit.com\/fr\/#\/schema\/person\/4b236a84dc94303b142b56864d9823ec","name":"scuolaromit","image":{"@type":"ImageObject","inLanguage":"es","@id":"https:\/\/scuolaromit.com\/fr\/#\/schema\/person\/image\/","url":"https:\/\/secure.gravatar.com\/avatar\/363442ba35974175a79e19d11efcb05f3f78296827a7dfd49f84dd549f4144e9?s=96&d=mm&r=g","contentUrl":"https:\/\/secure.gravatar.com\/avatar\/363442ba35974175a79e19d11efcb05f3f78296827a7dfd49f84dd549f4144e9?s=96&d=mm&r=g","caption":"scuolaromit"}}]}},"_links":{"self":[{"href":"https:\/\/scuolaromit.com\/es\/wp-json\/wp\/v2\/posts\/2567","targetHints":{"allow":["GET"]}}],"collection":[{"href":"https:\/\/scuolaromit.com\/es\/wp-json\/wp\/v2\/posts"}],"about":[{"href":"https:\/\/scuolaromit.com\/es\/wp-json\/wp\/v2\/types\/post"}],"author":[{"embeddable":true,"href":"https:\/\/scuolaromit.com\/es\/wp-json\/wp\/v2\/users\/3"}],"replies":[{"embeddable":true,"href":"https:\/\/scuolaromit.com\/es\/wp-json\/wp\/v2\/comments?post=2567"}],"version-history":[{"count":2,"href":"https:\/\/scuolaromit.com\/es\/wp-json\/wp\/v2\/posts\/2567\/revisions"}],"predecessor-version":[{"id":3351,"href":"https:\/\/scuolaromit.com\/es\/wp-json\/wp\/v2\/posts\/2567\/revisions\/3351"}],"wp:featuredmedia":[{"embeddable":true,"href":"https:\/\/scuolaromit.com\/es\/wp-json\/wp\/v2\/media\/374"}],"wp:attachment":[{"href":"https:\/\/scuolaromit.com\/es\/wp-json\/wp\/v2\/media?parent=2567"}],"wp:term":[{"taxonomy":"category","embeddable":true,"href":"https:\/\/scuolaromit.com\/es\/wp-json\/wp\/v2\/categories?post=2567"},{"taxonomy":"post_tag","embeddable":true,"href":"https:\/\/scuolaromit.com\/es\/wp-json\/wp\/v2\/tags?post=2567"}],"curies":[{"name":"wp","href":"https:\/\/api.w.org\/{rel}","templated":true}]}}