{"id":2551,"date":"2015-04-07T11:45:09","date_gmt":"2015-04-07T09:45:09","guid":{"rendered":"http:\/\/www.scuolaromit.it\/articoli\/?p=432"},"modified":"2021-05-03T13:01:31","modified_gmt":"2021-05-03T11:01:31","slug":"chagall-y-matisse-nuevas-exposiciones-que-comienzan-en-roma","status":"publish","type":"post","link":"https:\/\/scuolaromit.com\/es\/chagall-y-matisse-nuevas-exposiciones-que-comienzan-en-roma\/","title":{"rendered":"Chagall y Matisse: nuevas exposiciones que comienzan en Roma"},"content":{"rendered":"<p><span style=\"font-size: medium;\"><strong>Roma es un museo al aire libre<\/strong> y ofrece una gran cantidad de oportunidades gratuitas de enriquecimiento y entretenimiento en el \u00e1mbito cultural incluso con un simple paseo, con la mirada atenta y lista para captar los detalles. Si llevan un tiempo en la ciudad, ya se habr\u00e1n dado cuenta. Adem\u00e1s, si son apasionados de las muestras de arte, la ciudad eterna no tiene nada que envidiar a otras capitales europeas y entre febrero y marzo saca sus ases de la manga. \u00a1Realmente hay infinitas posibilidades donde elegir!<\/span><\/p>\n<p><img decoding=\"async\" class=\"aligncenter size-full wp-image-291\" src=\"http:\/\/www.scuolaromit.com\/esp\/wp-content\/uploads\/sites\/3\/2015\/02\/morandi-natura-morta.jpg\" alt=\"morandi-natura-morta\" width=\"500\" height=\"356\" \/><\/p>\n<p><span style=\"font-size: medium;\">Se inicia con una exposici\u00f3n dedicada a <\/span><span style=\"font-size: medium;\"><b>Giorgio Morandi<\/b><\/span><span style=\"font-size: medium;\">, que se celebrar\u00e1 <\/span><span style=\"font-size: medium;\"><b>en el <a href=\"http:\/\/www.scuolaromit.com\/es\/el-victoriano-roma\/\">complejo Victoriano<\/a> desde el 27 de febrero hasta el 21 de junio<\/b><\/span><span style=\"font-size: medium;\"> y contar\u00e1 con un gran n\u00famero de obras del pintor y grabador nacido en Bolonia en 1890 y muerto en 1964. Ser\u00e1n reunidas un gran n\u00famero de obras, entre pinturas y grabados realizados a lo largo de la vida del artista, uno de los mayores representantes del realismo del siglo XX italiano. Una gran manera para conocerlo, si por casualidad todav\u00eda no saben qui\u00e9n es.<\/span><\/p>\n<p><span style=\"font-size: medium;\"><b>Del 3 de marzo al 24 de mayo<\/b><\/span><span style=\"font-size: medium;\"> llega <\/span><span style=\"font-size: medium;\"><b>\u00abBernini dise\u00f1ador- el laboratorio del genio\u00bb<\/b><\/span><span style=\"font-size: medium;\"> en la Galer\u00eda nacional de arte antigua en Palacio Barberini. Ser\u00e1n expuestas m\u00e1s de 200 l\u00e1minas (provenientes de la colecci\u00f3n de Leipzig), que representan muchos de los principales proyectos realizados por el gran exponente del <a href=\"http:\/\/www.scuolaromit.com\/es\/las-iglesias-barrocas-de-roma\/\">barroco romano<\/a>, durante su vida. Una exposici\u00f3n refinada y particular, que incluye dise\u00f1os de figuras y arquitect\u00f3nicos, y obras de arte decorativas que descubren los lados m\u00e1s secretos del <a href=\"http:\/\/www.scuolaromit.com\/es\/las-abejas-de-la-familia-barberini-en-roma-y-bernini\/\">arte de Bernini<\/a>.<\/span><\/p>\n<p>&nbsp;<\/p>\n<p><img decoding=\"async\" class=\"aligncenter size-full wp-image-292\" src=\"http:\/\/www.scuolaromit.com\/esp\/wp-content\/uploads\/sites\/3\/2015\/02\/matisse-harmony-in-red.jpg\" alt=\"matisse-harmony-in-red\" width=\"500\" height=\"406\" \/><\/p>\n<p><span style=\"font-size: medium;\">A continuaci\u00f3n, ser\u00e1 el turno de <\/span><span style=\"font-size: medium;\"><b>Matisse<\/b><\/span><span style=\"font-size: medium;\"> que estar\u00e1 en las <\/span><span style=\"font-size: medium;\"><i><b>Caballerizas del Quirinal<\/b><\/i><\/span><span style=\"font-size: medium;\"><b> del 4 de marzo al 21 de junio<\/b><\/span><span style=\"font-size: medium;\">, ofreciendo una ocasi\u00f3n maravillosa para los amantes del gran pintor, ilustrador, grabador y escultor franc\u00e9s nacido en 1869 y muerto en 1954.<\/span> <span style=\"font-size: medium;\">Uno de los m\u00e1s grandes artistas del siglo XX y exponente de la corriente de los <\/span><span style=\"font-size: medium;\"><i>Fauves<\/i><\/span><span style=\"font-size: medium;\">.<\/span> <span style=\"font-size: medium;\">La exposici\u00f3n, en el marco incomparable de las Caballerizas del Quirinal, re\u00fane m\u00e1s de un centenar de obras del artista franc\u00e9s, provenientes de los principales museos de Europa (especialmente de Mosc\u00fa y San Petersburgo) y americanos: pinturas, dise\u00f1os, y vestuario de teatro realizados por Matisse a lo largo de toda su vida. \u00a1Se presenta una oportunidad que no se puede perder!<\/span><\/p>\n<p><span style=\"font-size: medium;\">Poco despu\u00e9s, llegar\u00e1 <\/span><span style=\"font-size: medium;\"><b>\u00abChagall \u2013 <\/b><\/span><span style=\"font-size: medium;\"><i><b>Love and Life<\/b><\/i><\/span><span style=\"font-size: medium;\"><b>\u00bb del 15 marzo al 26 de julio en <a href=\"http:\/\/www.scuolaromit.com\/es\/vamos-a-la-exposicion-de-escher-al-claustro-de-bramante\/\">el Claustro de Bramante<\/a><\/b><\/span><span style=\"font-size: medium;\">, lugar \u00fanico junto a la iglesia de <\/span><span style=\"font-size: medium;\"><i>Santa Maria della Pace<\/i><\/span><span style=\"font-size: medium;\"> cerca de Plaza Navona.<\/span> <span style=\"font-size: medium;\">La exposici\u00f3n ofrece al p\u00fablico m\u00e1s de 150 obras entre dibujos, pinturas y grabados del gran artista ruso de origen jud\u00edo, analizando la relaci\u00f3n entre el pintor y su esposa, Bella Rosenfeld, su gran musa inspiradora de toda la vida.<\/span> <span style=\"font-size: medium;\">Encontramos referencias a la cultura jud\u00eda, la influencia de la vanguardia francesa, la presencia de s\u00edmbolos que representan una constante en toda la producci\u00f3n art\u00edstica de Chagall como la cabra, el burro, el violinista y los amantes.<\/span> <span style=\"font-size: medium;\">Una maravillosa oportunidad para todos los apasionados del gran artista ruso nacido en 1887 y muerto en 1985.<\/span><\/p>\n<p>&nbsp;<\/p>\n<p><img decoding=\"async\" class=\"aligncenter size-large wp-image-293\" src=\"http:\/\/www.scuolaromit.com\/esp\/wp-content\/uploads\/sites\/3\/2015\/02\/chagall-over-the-town-550x358.jpg\" alt=\"chagall-over-the-town\" width=\"550\" height=\"358\" \/><\/p>\n<p><span style=\"font-size: medium;\">\u00bfEst\u00e1n listos para iniciar <a href=\"http:\/\/www.scuolaromit.com\/es\/museos-de-roma-el-arte-moderno-y-contemporaneo\/\">un recorrido por las exposiciones de arte romanas<\/a>?<\/span><\/p>\n","protected":false},"excerpt":{"rendered":"<p>Roma es un museo al aire libre y ofrece una  [&#8230;]<\/p>\n","protected":false},"author":3,"featured_media":0,"comment_status":"open","ping_status":"open","sticky":false,"template":"","format":"standard","meta":{"footnotes":""},"categories":[55],"tags":[],"class_list":["post-2551","post","type-post","status-publish","format-standard","hentry","category-articulos-es"],"yoast_head":"<!-- This site is optimized with the Yoast SEO plugin v26.5 - https:\/\/yoast.com\/wordpress\/plugins\/seo\/ -->\n<title>Chagall y Matisse: nuevas exposiciones que comienzan en Roma &#8211; Scuola Romit<\/title>\n<meta name=\"robots\" content=\"index, follow, max-snippet:-1, max-image-preview:large, max-video-preview:-1\" \/>\n<link rel=\"canonical\" href=\"https:\/\/scuolaromit.com\/es\/chagall-y-matisse-nuevas-exposiciones-que-comienzan-en-roma\/\" \/>\n<meta property=\"og:locale\" content=\"es_ES\" \/>\n<meta property=\"og:type\" content=\"article\" \/>\n<meta property=\"og:title\" content=\"Chagall y Matisse: nuevas exposiciones que comienzan en Roma &#8211; Scuola Romit\" \/>\n<meta property=\"og:description\" content=\"Roma es un museo al aire libre y ofrece una [...]\" \/>\n<meta property=\"og:url\" content=\"https:\/\/scuolaromit.com\/es\/chagall-y-matisse-nuevas-exposiciones-que-comienzan-en-roma\/\" \/>\n<meta property=\"og:site_name\" content=\"Scuola Romit\" \/>\n<meta property=\"article:publisher\" content=\"https:\/\/www.facebook.com\/ScuolaRomit\" \/>\n<meta property=\"article:published_time\" content=\"2015-04-07T09:45:09+00:00\" \/>\n<meta property=\"article:modified_time\" content=\"2021-05-03T11:01:31+00:00\" \/>\n<meta property=\"og:image\" content=\"http:\/\/www.scuolaromit.com\/esp\/wp-content\/uploads\/sites\/3\/2015\/02\/morandi-natura-morta.jpg\" \/>\n<meta name=\"author\" content=\"scuolaromit\" \/>\n<meta name=\"twitter:card\" content=\"summary_large_image\" \/>\n<meta name=\"twitter:label1\" content=\"Escrito por\" \/>\n\t<meta name=\"twitter:data1\" content=\"scuolaromit\" \/>\n\t<meta name=\"twitter:label2\" content=\"Tiempo de lectura\" \/>\n\t<meta name=\"twitter:data2\" content=\"3 minutos\" \/>\n<script type=\"application\/ld+json\" class=\"yoast-schema-graph\">{\"@context\":\"https:\/\/schema.org\",\"@graph\":[{\"@type\":\"Article\",\"@id\":\"https:\/\/scuolaromit.com\/es\/chagall-y-matisse-nuevas-exposiciones-que-comienzan-en-roma\/#article\",\"isPartOf\":{\"@id\":\"https:\/\/scuolaromit.com\/es\/chagall-y-matisse-nuevas-exposiciones-que-comienzan-en-roma\/\"},\"author\":{\"name\":\"scuolaromit\",\"@id\":\"https:\/\/scuolaromit.com\/fr\/#\/schema\/person\/4b236a84dc94303b142b56864d9823ec\"},\"headline\":\"Chagall y Matisse: nuevas exposiciones que comienzan en Roma\",\"datePublished\":\"2015-04-07T09:45:09+00:00\",\"dateModified\":\"2021-05-03T11:01:31+00:00\",\"mainEntityOfPage\":{\"@id\":\"https:\/\/scuolaromit.com\/es\/chagall-y-matisse-nuevas-exposiciones-que-comienzan-en-roma\/\"},\"wordCount\":557,\"commentCount\":0,\"publisher\":{\"@id\":\"https:\/\/scuolaromit.com\/fr\/#organization\"},\"image\":{\"@id\":\"https:\/\/scuolaromit.com\/es\/chagall-y-matisse-nuevas-exposiciones-que-comienzan-en-roma\/#primaryimage\"},\"thumbnailUrl\":\"http:\/\/www.scuolaromit.com\/esp\/wp-content\/uploads\/sites\/3\/2015\/02\/morandi-natura-morta.jpg\",\"articleSection\":[\"Articulos ES\"],\"inLanguage\":\"es\",\"potentialAction\":[{\"@type\":\"CommentAction\",\"name\":\"Comment\",\"target\":[\"https:\/\/scuolaromit.com\/es\/chagall-y-matisse-nuevas-exposiciones-que-comienzan-en-roma\/#respond\"]}]},{\"@type\":\"WebPage\",\"@id\":\"https:\/\/scuolaromit.com\/es\/chagall-y-matisse-nuevas-exposiciones-que-comienzan-en-roma\/\",\"url\":\"https:\/\/scuolaromit.com\/es\/chagall-y-matisse-nuevas-exposiciones-que-comienzan-en-roma\/\",\"name\":\"Chagall y Matisse: nuevas exposiciones que comienzan en Roma &#8211; Scuola Romit\",\"isPartOf\":{\"@id\":\"https:\/\/scuolaromit.com\/fr\/#website\"},\"primaryImageOfPage\":{\"@id\":\"https:\/\/scuolaromit.com\/es\/chagall-y-matisse-nuevas-exposiciones-que-comienzan-en-roma\/#primaryimage\"},\"image\":{\"@id\":\"https:\/\/scuolaromit.com\/es\/chagall-y-matisse-nuevas-exposiciones-que-comienzan-en-roma\/#primaryimage\"},\"thumbnailUrl\":\"http:\/\/www.scuolaromit.com\/esp\/wp-content\/uploads\/sites\/3\/2015\/02\/morandi-natura-morta.jpg\",\"datePublished\":\"2015-04-07T09:45:09+00:00\",\"dateModified\":\"2021-05-03T11:01:31+00:00\",\"breadcrumb\":{\"@id\":\"https:\/\/scuolaromit.com\/es\/chagall-y-matisse-nuevas-exposiciones-que-comienzan-en-roma\/#breadcrumb\"},\"inLanguage\":\"es\",\"potentialAction\":[{\"@type\":\"ReadAction\",\"target\":[\"https:\/\/scuolaromit.com\/es\/chagall-y-matisse-nuevas-exposiciones-que-comienzan-en-roma\/\"]}]},{\"@type\":\"ImageObject\",\"inLanguage\":\"es\",\"@id\":\"https:\/\/scuolaromit.com\/es\/chagall-y-matisse-nuevas-exposiciones-que-comienzan-en-roma\/#primaryimage\",\"url\":\"http:\/\/www.scuolaromit.com\/esp\/wp-content\/uploads\/sites\/3\/2015\/02\/morandi-natura-morta.jpg\",\"contentUrl\":\"http:\/\/www.scuolaromit.com\/esp\/wp-content\/uploads\/sites\/3\/2015\/02\/morandi-natura-morta.jpg\"},{\"@type\":\"BreadcrumbList\",\"@id\":\"https:\/\/scuolaromit.com\/es\/chagall-y-matisse-nuevas-exposiciones-que-comienzan-en-roma\/#breadcrumb\",\"itemListElement\":[{\"@type\":\"ListItem\",\"position\":1,\"name\":\"Accueil\",\"item\":\"https:\/\/scuolaromit.com\/es\/\"},{\"@type\":\"ListItem\",\"position\":2,\"name\":\"Chagall y Matisse: nuevas exposiciones que comienzan en Roma\"}]},{\"@type\":\"WebSite\",\"@id\":\"https:\/\/scuolaromit.com\/fr\/#website\",\"url\":\"https:\/\/scuolaromit.com\/fr\/\",\"name\":\"Scuola Romit\",\"description\":\"La scuola per imparare l&#039;italiano vivendolo\",\"publisher\":{\"@id\":\"https:\/\/scuolaromit.com\/fr\/#organization\"},\"potentialAction\":[{\"@type\":\"SearchAction\",\"target\":{\"@type\":\"EntryPoint\",\"urlTemplate\":\"https:\/\/scuolaromit.com\/fr\/?s={search_term_string}\"},\"query-input\":{\"@type\":\"PropertyValueSpecification\",\"valueRequired\":true,\"valueName\":\"search_term_string\"}}],\"inLanguage\":\"es\"},{\"@type\":\"Organization\",\"@id\":\"https:\/\/scuolaromit.com\/fr\/#organization\",\"name\":\"Scuola Romit\",\"url\":\"https:\/\/scuolaromit.com\/fr\/\",\"logo\":{\"@type\":\"ImageObject\",\"inLanguage\":\"es\",\"@id\":\"https:\/\/scuolaromit.com\/fr\/#\/schema\/logo\/image\/\",\"url\":\"https:\/\/scuolaromit.com\/wp-content\/uploads\/2020\/07\/logo-1.jpg\",\"contentUrl\":\"https:\/\/scuolaromit.com\/wp-content\/uploads\/2020\/07\/logo-1.jpg\",\"width\":452,\"height\":152,\"caption\":\"Scuola Romit\"},\"image\":{\"@id\":\"https:\/\/scuolaromit.com\/fr\/#\/schema\/logo\/image\/\"},\"sameAs\":[\"https:\/\/www.facebook.com\/ScuolaRomit\",\"https:\/\/www.instagram.com\/scuolaromit\/\"]},{\"@type\":\"Person\",\"@id\":\"https:\/\/scuolaromit.com\/fr\/#\/schema\/person\/4b236a84dc94303b142b56864d9823ec\",\"name\":\"scuolaromit\",\"image\":{\"@type\":\"ImageObject\",\"inLanguage\":\"es\",\"@id\":\"https:\/\/scuolaromit.com\/fr\/#\/schema\/person\/image\/\",\"url\":\"https:\/\/secure.gravatar.com\/avatar\/363442ba35974175a79e19d11efcb05f3f78296827a7dfd49f84dd549f4144e9?s=96&d=mm&r=g\",\"contentUrl\":\"https:\/\/secure.gravatar.com\/avatar\/363442ba35974175a79e19d11efcb05f3f78296827a7dfd49f84dd549f4144e9?s=96&d=mm&r=g\",\"caption\":\"scuolaromit\"}}]}<\/script>\n<!-- \/ Yoast SEO plugin. -->","yoast_head_json":{"title":"Chagall y Matisse: nuevas exposiciones que comienzan en Roma &#8211; Scuola Romit","robots":{"index":"index","follow":"follow","max-snippet":"max-snippet:-1","max-image-preview":"max-image-preview:large","max-video-preview":"max-video-preview:-1"},"canonical":"https:\/\/scuolaromit.com\/es\/chagall-y-matisse-nuevas-exposiciones-que-comienzan-en-roma\/","og_locale":"es_ES","og_type":"article","og_title":"Chagall y Matisse: nuevas exposiciones que comienzan en Roma &#8211; Scuola Romit","og_description":"Roma es un museo al aire libre y ofrece una [...]","og_url":"https:\/\/scuolaromit.com\/es\/chagall-y-matisse-nuevas-exposiciones-que-comienzan-en-roma\/","og_site_name":"Scuola Romit","article_publisher":"https:\/\/www.facebook.com\/ScuolaRomit","article_published_time":"2015-04-07T09:45:09+00:00","article_modified_time":"2021-05-03T11:01:31+00:00","og_image":[{"url":"http:\/\/www.scuolaromit.com\/esp\/wp-content\/uploads\/sites\/3\/2015\/02\/morandi-natura-morta.jpg","type":"","width":"","height":""}],"author":"scuolaromit","twitter_card":"summary_large_image","twitter_misc":{"Escrito por":"scuolaromit","Tiempo de lectura":"3 minutos"},"schema":{"@context":"https:\/\/schema.org","@graph":[{"@type":"Article","@id":"https:\/\/scuolaromit.com\/es\/chagall-y-matisse-nuevas-exposiciones-que-comienzan-en-roma\/#article","isPartOf":{"@id":"https:\/\/scuolaromit.com\/es\/chagall-y-matisse-nuevas-exposiciones-que-comienzan-en-roma\/"},"author":{"name":"scuolaromit","@id":"https:\/\/scuolaromit.com\/fr\/#\/schema\/person\/4b236a84dc94303b142b56864d9823ec"},"headline":"Chagall y Matisse: nuevas exposiciones que comienzan en Roma","datePublished":"2015-04-07T09:45:09+00:00","dateModified":"2021-05-03T11:01:31+00:00","mainEntityOfPage":{"@id":"https:\/\/scuolaromit.com\/es\/chagall-y-matisse-nuevas-exposiciones-que-comienzan-en-roma\/"},"wordCount":557,"commentCount":0,"publisher":{"@id":"https:\/\/scuolaromit.com\/fr\/#organization"},"image":{"@id":"https:\/\/scuolaromit.com\/es\/chagall-y-matisse-nuevas-exposiciones-que-comienzan-en-roma\/#primaryimage"},"thumbnailUrl":"http:\/\/www.scuolaromit.com\/esp\/wp-content\/uploads\/sites\/3\/2015\/02\/morandi-natura-morta.jpg","articleSection":["Articulos ES"],"inLanguage":"es","potentialAction":[{"@type":"CommentAction","name":"Comment","target":["https:\/\/scuolaromit.com\/es\/chagall-y-matisse-nuevas-exposiciones-que-comienzan-en-roma\/#respond"]}]},{"@type":"WebPage","@id":"https:\/\/scuolaromit.com\/es\/chagall-y-matisse-nuevas-exposiciones-que-comienzan-en-roma\/","url":"https:\/\/scuolaromit.com\/es\/chagall-y-matisse-nuevas-exposiciones-que-comienzan-en-roma\/","name":"Chagall y Matisse: nuevas exposiciones que comienzan en Roma &#8211; Scuola Romit","isPartOf":{"@id":"https:\/\/scuolaromit.com\/fr\/#website"},"primaryImageOfPage":{"@id":"https:\/\/scuolaromit.com\/es\/chagall-y-matisse-nuevas-exposiciones-que-comienzan-en-roma\/#primaryimage"},"image":{"@id":"https:\/\/scuolaromit.com\/es\/chagall-y-matisse-nuevas-exposiciones-que-comienzan-en-roma\/#primaryimage"},"thumbnailUrl":"http:\/\/www.scuolaromit.com\/esp\/wp-content\/uploads\/sites\/3\/2015\/02\/morandi-natura-morta.jpg","datePublished":"2015-04-07T09:45:09+00:00","dateModified":"2021-05-03T11:01:31+00:00","breadcrumb":{"@id":"https:\/\/scuolaromit.com\/es\/chagall-y-matisse-nuevas-exposiciones-que-comienzan-en-roma\/#breadcrumb"},"inLanguage":"es","potentialAction":[{"@type":"ReadAction","target":["https:\/\/scuolaromit.com\/es\/chagall-y-matisse-nuevas-exposiciones-que-comienzan-en-roma\/"]}]},{"@type":"ImageObject","inLanguage":"es","@id":"https:\/\/scuolaromit.com\/es\/chagall-y-matisse-nuevas-exposiciones-que-comienzan-en-roma\/#primaryimage","url":"http:\/\/www.scuolaromit.com\/esp\/wp-content\/uploads\/sites\/3\/2015\/02\/morandi-natura-morta.jpg","contentUrl":"http:\/\/www.scuolaromit.com\/esp\/wp-content\/uploads\/sites\/3\/2015\/02\/morandi-natura-morta.jpg"},{"@type":"BreadcrumbList","@id":"https:\/\/scuolaromit.com\/es\/chagall-y-matisse-nuevas-exposiciones-que-comienzan-en-roma\/#breadcrumb","itemListElement":[{"@type":"ListItem","position":1,"name":"Accueil","item":"https:\/\/scuolaromit.com\/es\/"},{"@type":"ListItem","position":2,"name":"Chagall y Matisse: nuevas exposiciones que comienzan en Roma"}]},{"@type":"WebSite","@id":"https:\/\/scuolaromit.com\/fr\/#website","url":"https:\/\/scuolaromit.com\/fr\/","name":"Scuola Romit","description":"La scuola per imparare l&#039;italiano vivendolo","publisher":{"@id":"https:\/\/scuolaromit.com\/fr\/#organization"},"potentialAction":[{"@type":"SearchAction","target":{"@type":"EntryPoint","urlTemplate":"https:\/\/scuolaromit.com\/fr\/?s={search_term_string}"},"query-input":{"@type":"PropertyValueSpecification","valueRequired":true,"valueName":"search_term_string"}}],"inLanguage":"es"},{"@type":"Organization","@id":"https:\/\/scuolaromit.com\/fr\/#organization","name":"Scuola Romit","url":"https:\/\/scuolaromit.com\/fr\/","logo":{"@type":"ImageObject","inLanguage":"es","@id":"https:\/\/scuolaromit.com\/fr\/#\/schema\/logo\/image\/","url":"https:\/\/scuolaromit.com\/wp-content\/uploads\/2020\/07\/logo-1.jpg","contentUrl":"https:\/\/scuolaromit.com\/wp-content\/uploads\/2020\/07\/logo-1.jpg","width":452,"height":152,"caption":"Scuola Romit"},"image":{"@id":"https:\/\/scuolaromit.com\/fr\/#\/schema\/logo\/image\/"},"sameAs":["https:\/\/www.facebook.com\/ScuolaRomit","https:\/\/www.instagram.com\/scuolaromit\/"]},{"@type":"Person","@id":"https:\/\/scuolaromit.com\/fr\/#\/schema\/person\/4b236a84dc94303b142b56864d9823ec","name":"scuolaromit","image":{"@type":"ImageObject","inLanguage":"es","@id":"https:\/\/scuolaromit.com\/fr\/#\/schema\/person\/image\/","url":"https:\/\/secure.gravatar.com\/avatar\/363442ba35974175a79e19d11efcb05f3f78296827a7dfd49f84dd549f4144e9?s=96&d=mm&r=g","contentUrl":"https:\/\/secure.gravatar.com\/avatar\/363442ba35974175a79e19d11efcb05f3f78296827a7dfd49f84dd549f4144e9?s=96&d=mm&r=g","caption":"scuolaromit"}}]}},"_links":{"self":[{"href":"https:\/\/scuolaromit.com\/es\/wp-json\/wp\/v2\/posts\/2551","targetHints":{"allow":["GET"]}}],"collection":[{"href":"https:\/\/scuolaromit.com\/es\/wp-json\/wp\/v2\/posts"}],"about":[{"href":"https:\/\/scuolaromit.com\/es\/wp-json\/wp\/v2\/types\/post"}],"author":[{"embeddable":true,"href":"https:\/\/scuolaromit.com\/es\/wp-json\/wp\/v2\/users\/3"}],"replies":[{"embeddable":true,"href":"https:\/\/scuolaromit.com\/es\/wp-json\/wp\/v2\/comments?post=2551"}],"version-history":[{"count":4,"href":"https:\/\/scuolaromit.com\/es\/wp-json\/wp\/v2\/posts\/2551\/revisions"}],"predecessor-version":[{"id":3792,"href":"https:\/\/scuolaromit.com\/es\/wp-json\/wp\/v2\/posts\/2551\/revisions\/3792"}],"wp:attachment":[{"href":"https:\/\/scuolaromit.com\/es\/wp-json\/wp\/v2\/media?parent=2551"}],"wp:term":[{"taxonomy":"category","embeddable":true,"href":"https:\/\/scuolaromit.com\/es\/wp-json\/wp\/v2\/categories?post=2551"},{"taxonomy":"post_tag","embeddable":true,"href":"https:\/\/scuolaromit.com\/es\/wp-json\/wp\/v2\/tags?post=2551"}],"curies":[{"name":"wp","href":"https:\/\/api.w.org\/{rel}","templated":true}]}}