{"id":2549,"date":"2015-03-27T10:00:05","date_gmt":"2015-03-27T09:00:05","guid":{"rendered":"http:\/\/www.scuolaromit.it\/articoli\/?p=404"},"modified":"2021-03-20T12:50:15","modified_gmt":"2021-03-20T11:50:15","slug":"pero-el-latin-no-es-una-lengua-muerta","status":"publish","type":"post","link":"https:\/\/scuolaromit.com\/es\/pero-el-latin-no-es-una-lengua-muerta\/","title":{"rendered":"\u00bfPero el lat\u00edn no es una lengua muerta?"},"content":{"rendered":"<p>\u00bfCu\u00e1ntas veces han le\u00eddo o escuchado una frase en lat\u00edn, y han tratado de entender el significado real, o descubrir el origen hist\u00f3rico? Bueno, <strong>si piensan que el lat\u00edn es una lengua muerta, tal vez deber\u00edan plante\u00e1rselo de nuevo<\/strong>. Hay muchas expresiones que se han hecho famosas, que forman parte de nuestra vida cotidiana. Utilizamos estas frases a menudo sin pensar, otras veces usamos este vocabulario para darle un tono, y enriquecer nuestro discurso con cierto \u00e9nfasis. \u00bfNo es cierto?<\/p>\n<p>&nbsp;<\/p>\n<div id=\"attachment_118\" style=\"width: 560px\" class=\"wp-caption aligncenter\"><img decoding=\"async\" aria-describedby=\"caption-attachment-118\" class=\"size-full wp-image-118\" src=\"http:\/\/www.scuolaromit.com\/es\/wp-content\/uploads\/sites\/3\/2014\/12\/Quinto_Orazio_Flacco-Di-chirico.jpg\" alt=\"'Orazio' - Giacomo Di Chirico.\" width=\"550\" height=\"727\" \/><p id=\"caption-attachment-118\" class=\"wp-caption-text\">&#8216;Orazio&#8217; &#8211; Giacomo Di Chirico.<\/p><\/div>\n<p>Por ejemplo, \u00bfhab\u00e9is o\u00eddo hablar de Horacio? Su <strong><i>carpe diem<\/i><\/strong> significa \u201ccoge el d\u00eda\u201d. Se traduce como \u201caprovecha el momento\u201d o \u201ctrata de vivir plenamente el presente, sin pensar en el futuro\u201d. Una frase sencilla y directa, que esconde una verdadera filosof\u00eda de vida y pensamiento. <strong>Horacio<\/strong>, poeta romano del siglo I a.C., expresa en su colecci\u00f3n po\u00e9tica \u201cOdas\u201d el significado de su reflexi\u00f3n sobre la vida humana y la incertidumbre del futuro, pregunt\u00e1ndose sobre la felicidad del ser humano. Este tema tambi\u00e9n se encuentra en la pel\u00edcula \u201c<i>Dead Poets Society\u201d<\/i> de Peter Weir, protagonizada por Robin Williams en 1989.<\/p>\n<p>Otro gran personaje lat\u00edno, <strong>Seneca<\/strong>, el poeta y fil\u00f3sofo nacido en el a\u00f1o 4 a.C., nos ha dejado otra c\u00e9lebre expresi\u00f3n, la cual podemos utilizar cada vez que el camino para la realizaci\u00f3n de nuestros objetivos es bastante dif\u00edcil y lleno de obst\u00e1culos. <strong>\u201c<i>Per asperam (sic itur) ad astra\u201d<\/i><\/strong> significa precisamente \u201ca trav\u00e9s de las dificultades a las estrellas\u201d, para decir que el camino que conduce a los objetivos, a la virtud o la meta puede estar lleno de obst\u00e1culos (\u201c<i>Through hardship to the stars\u201d<\/i>). El verso se obtiene del <i>H\u00e9rcules Furens<\/i>, una tragedia escrita por Seneca en su vejez y que tiene como protagonista a H\u00e9rcules, h\u00e9roe mitol\u00f3gico famoso por sus c\u00e9lebres \u201ctrabajos\u201d. <strong>\u00bfC\u00f3mo no darle la raz\u00f3n despu\u00e9s de siglos?<\/strong><\/p>\n<p>Y si por un lado est\u00e1 Horacio que invita a disfrutar de la vida en todas sus posibilidades porque el futuro es incierto, como tambi\u00e9n recuerda en el siglo XIX el famoso <strong>Giacomo Leopardi<\/strong>, por otro lado nos encontramos con una expresi\u00f3n que invita a la contenci\u00f3n y la mediaci\u00f3n entre los excesos: <strong><i>in medio stat virtus<\/i><\/strong>, o \u201cla virtud est\u00e1 en el medio\u201d. La frase latina invita a buscar un equilibrio entre los extremos, evitando exageraciones, como un modelo virtuoso de acci\u00f3n y pensamiento. La expresi\u00f3n est\u00e1 relacionada con fil\u00f3sofos medievales, pero ya en la <i>\u00c9tica Nicom\u00e1quea<\/i>, <strong>Arist\u00f3teles<\/strong> hablaba de la importancia de encontrar un equilibrio, <strong>evitando los excesos en diversas situaciones<\/strong>.<\/p>\n<p>En el siglo XVII, ya en la edad moderna, el famoso fil\u00f3sofo Descartes recurri\u00f3 al lat\u00edn para expresar con fuerza la importancia del pensamiento. <strong><i>Cogito ergo sum<\/i><\/strong> quiere decir \u201cpienso, luego existo\u201d o \u201csi pienso, quiere decir que existo\u201d. As\u00ed, en esta actividad del pensamiento humano, <strong>Descartes<\/strong> basa su filosof\u00eda en el hombre como ser pensante y existente. No estar\u00eda mal si a\u00fan hoy pudieramos utilizar esta f\u00f3rmula para distinguir los seres pensantes de aquellos que act\u00faan sin pensar.<\/p>\n<p>En resumen, tal vez es apropiado decir que a\u00fan el lat\u00edn podr\u00eda ser una lengua viva, y capaz de resistir durante mucho tiempo.<\/p>\n<div id=\"attachment_120\" style=\"width: 560px\" class=\"wp-caption aligncenter\"><img decoding=\"async\" aria-describedby=\"caption-attachment-120\" class=\"size-large wp-image-120\" src=\"http:\/\/www.scuolaromit.com\/wp-content\/uploads\/sites\/3\/2014\/12\/Frans_Hals-Ritratto-di-Ren-_Descartes-550x673.jpg\" alt=\"Ren\u00e9 Descartes - Frans Hals. \" width=\"550\" height=\"672\" \/><p id=\"caption-attachment-120\" class=\"wp-caption-text\">Ren\u00e9 Descartes &#8211; Frans Hals.<\/p><\/div>\n","protected":false},"excerpt":{"rendered":"<p>\u00bfCu\u00e1ntas veces han le\u00eddo o escuchado una frase en lat\u00edn,  [&#8230;]<\/p>\n","protected":false},"author":3,"featured_media":0,"comment_status":"open","ping_status":"open","sticky":false,"template":"","format":"standard","meta":{"footnotes":""},"categories":[55,54],"tags":[],"class_list":["post-2549","post","type-post","status-publish","format-standard","hentry","category-articulos-es","category-blog-es"],"yoast_head":"<!-- This site is optimized with the Yoast SEO plugin v26.5 - https:\/\/yoast.com\/wordpress\/plugins\/seo\/ -->\n<title>\u00bfPero el lat\u00edn no es una lengua muerta? &#8211; Scuola Romit<\/title>\n<meta name=\"robots\" content=\"index, follow, max-snippet:-1, max-image-preview:large, max-video-preview:-1\" \/>\n<link rel=\"canonical\" href=\"https:\/\/scuolaromit.com\/es\/pero-el-latin-no-es-una-lengua-muerta\/\" \/>\n<meta property=\"og:locale\" content=\"es_ES\" \/>\n<meta property=\"og:type\" content=\"article\" \/>\n<meta property=\"og:title\" content=\"\u00bfPero el lat\u00edn no es una lengua muerta? &#8211; Scuola Romit\" \/>\n<meta property=\"og:description\" content=\"\u00bfCu\u00e1ntas veces han le\u00eddo o escuchado una frase en lat\u00edn, [...]\" \/>\n<meta property=\"og:url\" content=\"https:\/\/scuolaromit.com\/es\/pero-el-latin-no-es-una-lengua-muerta\/\" \/>\n<meta property=\"og:site_name\" content=\"Scuola Romit\" \/>\n<meta property=\"article:publisher\" content=\"https:\/\/www.facebook.com\/ScuolaRomit\" \/>\n<meta property=\"article:published_time\" content=\"2015-03-27T09:00:05+00:00\" \/>\n<meta property=\"article:modified_time\" content=\"2021-03-20T11:50:15+00:00\" \/>\n<meta property=\"og:image\" content=\"http:\/\/www.scuolaromit.com\/es\/wp-content\/uploads\/sites\/3\/2014\/12\/Quinto_Orazio_Flacco-Di-chirico.jpg\" \/>\n<meta name=\"author\" content=\"scuolaromit\" \/>\n<meta name=\"twitter:card\" content=\"summary_large_image\" \/>\n<meta name=\"twitter:label1\" content=\"Escrito por\" \/>\n\t<meta name=\"twitter:data1\" content=\"scuolaromit\" \/>\n\t<meta name=\"twitter:label2\" content=\"Tiempo de lectura\" \/>\n\t<meta name=\"twitter:data2\" content=\"3 minutos\" \/>\n<script type=\"application\/ld+json\" class=\"yoast-schema-graph\">{\"@context\":\"https:\/\/schema.org\",\"@graph\":[{\"@type\":\"Article\",\"@id\":\"https:\/\/scuolaromit.com\/es\/pero-el-latin-no-es-una-lengua-muerta\/#article\",\"isPartOf\":{\"@id\":\"https:\/\/scuolaromit.com\/es\/pero-el-latin-no-es-una-lengua-muerta\/\"},\"author\":{\"name\":\"scuolaromit\",\"@id\":\"https:\/\/scuolaromit.com\/fr\/#\/schema\/person\/4b236a84dc94303b142b56864d9823ec\"},\"headline\":\"\u00bfPero el lat\u00edn no es una lengua muerta?\",\"datePublished\":\"2015-03-27T09:00:05+00:00\",\"dateModified\":\"2021-03-20T11:50:15+00:00\",\"mainEntityOfPage\":{\"@id\":\"https:\/\/scuolaromit.com\/es\/pero-el-latin-no-es-una-lengua-muerta\/\"},\"wordCount\":605,\"commentCount\":0,\"publisher\":{\"@id\":\"https:\/\/scuolaromit.com\/fr\/#organization\"},\"image\":{\"@id\":\"https:\/\/scuolaromit.com\/es\/pero-el-latin-no-es-una-lengua-muerta\/#primaryimage\"},\"thumbnailUrl\":\"http:\/\/www.scuolaromit.com\/es\/wp-content\/uploads\/sites\/3\/2014\/12\/Quinto_Orazio_Flacco-Di-chirico.jpg\",\"articleSection\":[\"Articulos ES\",\"Blog\"],\"inLanguage\":\"es\",\"potentialAction\":[{\"@type\":\"CommentAction\",\"name\":\"Comment\",\"target\":[\"https:\/\/scuolaromit.com\/es\/pero-el-latin-no-es-una-lengua-muerta\/#respond\"]}]},{\"@type\":\"WebPage\",\"@id\":\"https:\/\/scuolaromit.com\/es\/pero-el-latin-no-es-una-lengua-muerta\/\",\"url\":\"https:\/\/scuolaromit.com\/es\/pero-el-latin-no-es-una-lengua-muerta\/\",\"name\":\"\u00bfPero el lat\u00edn no es una lengua muerta? &#8211; Scuola Romit\",\"isPartOf\":{\"@id\":\"https:\/\/scuolaromit.com\/fr\/#website\"},\"primaryImageOfPage\":{\"@id\":\"https:\/\/scuolaromit.com\/es\/pero-el-latin-no-es-una-lengua-muerta\/#primaryimage\"},\"image\":{\"@id\":\"https:\/\/scuolaromit.com\/es\/pero-el-latin-no-es-una-lengua-muerta\/#primaryimage\"},\"thumbnailUrl\":\"http:\/\/www.scuolaromit.com\/es\/wp-content\/uploads\/sites\/3\/2014\/12\/Quinto_Orazio_Flacco-Di-chirico.jpg\",\"datePublished\":\"2015-03-27T09:00:05+00:00\",\"dateModified\":\"2021-03-20T11:50:15+00:00\",\"breadcrumb\":{\"@id\":\"https:\/\/scuolaromit.com\/es\/pero-el-latin-no-es-una-lengua-muerta\/#breadcrumb\"},\"inLanguage\":\"es\",\"potentialAction\":[{\"@type\":\"ReadAction\",\"target\":[\"https:\/\/scuolaromit.com\/es\/pero-el-latin-no-es-una-lengua-muerta\/\"]}]},{\"@type\":\"ImageObject\",\"inLanguage\":\"es\",\"@id\":\"https:\/\/scuolaromit.com\/es\/pero-el-latin-no-es-una-lengua-muerta\/#primaryimage\",\"url\":\"http:\/\/www.scuolaromit.com\/es\/wp-content\/uploads\/sites\/3\/2014\/12\/Quinto_Orazio_Flacco-Di-chirico.jpg\",\"contentUrl\":\"http:\/\/www.scuolaromit.com\/es\/wp-content\/uploads\/sites\/3\/2014\/12\/Quinto_Orazio_Flacco-Di-chirico.jpg\"},{\"@type\":\"BreadcrumbList\",\"@id\":\"https:\/\/scuolaromit.com\/es\/pero-el-latin-no-es-una-lengua-muerta\/#breadcrumb\",\"itemListElement\":[{\"@type\":\"ListItem\",\"position\":1,\"name\":\"Accueil\",\"item\":\"https:\/\/scuolaromit.com\/es\/\"},{\"@type\":\"ListItem\",\"position\":2,\"name\":\"\u00bfPero el lat\u00edn no es una lengua muerta?\"}]},{\"@type\":\"WebSite\",\"@id\":\"https:\/\/scuolaromit.com\/fr\/#website\",\"url\":\"https:\/\/scuolaromit.com\/fr\/\",\"name\":\"Scuola Romit\",\"description\":\"La scuola per imparare l&#039;italiano vivendolo\",\"publisher\":{\"@id\":\"https:\/\/scuolaromit.com\/fr\/#organization\"},\"potentialAction\":[{\"@type\":\"SearchAction\",\"target\":{\"@type\":\"EntryPoint\",\"urlTemplate\":\"https:\/\/scuolaromit.com\/fr\/?s={search_term_string}\"},\"query-input\":{\"@type\":\"PropertyValueSpecification\",\"valueRequired\":true,\"valueName\":\"search_term_string\"}}],\"inLanguage\":\"es\"},{\"@type\":\"Organization\",\"@id\":\"https:\/\/scuolaromit.com\/fr\/#organization\",\"name\":\"Scuola Romit\",\"url\":\"https:\/\/scuolaromit.com\/fr\/\",\"logo\":{\"@type\":\"ImageObject\",\"inLanguage\":\"es\",\"@id\":\"https:\/\/scuolaromit.com\/fr\/#\/schema\/logo\/image\/\",\"url\":\"https:\/\/scuolaromit.com\/wp-content\/uploads\/2020\/07\/logo-1.jpg\",\"contentUrl\":\"https:\/\/scuolaromit.com\/wp-content\/uploads\/2020\/07\/logo-1.jpg\",\"width\":452,\"height\":152,\"caption\":\"Scuola Romit\"},\"image\":{\"@id\":\"https:\/\/scuolaromit.com\/fr\/#\/schema\/logo\/image\/\"},\"sameAs\":[\"https:\/\/www.facebook.com\/ScuolaRomit\",\"https:\/\/www.instagram.com\/scuolaromit\/\"]},{\"@type\":\"Person\",\"@id\":\"https:\/\/scuolaromit.com\/fr\/#\/schema\/person\/4b236a84dc94303b142b56864d9823ec\",\"name\":\"scuolaromit\",\"image\":{\"@type\":\"ImageObject\",\"inLanguage\":\"es\",\"@id\":\"https:\/\/scuolaromit.com\/fr\/#\/schema\/person\/image\/\",\"url\":\"https:\/\/secure.gravatar.com\/avatar\/363442ba35974175a79e19d11efcb05f3f78296827a7dfd49f84dd549f4144e9?s=96&d=mm&r=g\",\"contentUrl\":\"https:\/\/secure.gravatar.com\/avatar\/363442ba35974175a79e19d11efcb05f3f78296827a7dfd49f84dd549f4144e9?s=96&d=mm&r=g\",\"caption\":\"scuolaromit\"}}]}<\/script>\n<!-- \/ Yoast SEO plugin. -->","yoast_head_json":{"title":"\u00bfPero el lat\u00edn no es una lengua muerta? &#8211; Scuola Romit","robots":{"index":"index","follow":"follow","max-snippet":"max-snippet:-1","max-image-preview":"max-image-preview:large","max-video-preview":"max-video-preview:-1"},"canonical":"https:\/\/scuolaromit.com\/es\/pero-el-latin-no-es-una-lengua-muerta\/","og_locale":"es_ES","og_type":"article","og_title":"\u00bfPero el lat\u00edn no es una lengua muerta? &#8211; Scuola Romit","og_description":"\u00bfCu\u00e1ntas veces han le\u00eddo o escuchado una frase en lat\u00edn, [...]","og_url":"https:\/\/scuolaromit.com\/es\/pero-el-latin-no-es-una-lengua-muerta\/","og_site_name":"Scuola Romit","article_publisher":"https:\/\/www.facebook.com\/ScuolaRomit","article_published_time":"2015-03-27T09:00:05+00:00","article_modified_time":"2021-03-20T11:50:15+00:00","og_image":[{"url":"http:\/\/www.scuolaromit.com\/es\/wp-content\/uploads\/sites\/3\/2014\/12\/Quinto_Orazio_Flacco-Di-chirico.jpg","type":"","width":"","height":""}],"author":"scuolaromit","twitter_card":"summary_large_image","twitter_misc":{"Escrito por":"scuolaromit","Tiempo de lectura":"3 minutos"},"schema":{"@context":"https:\/\/schema.org","@graph":[{"@type":"Article","@id":"https:\/\/scuolaromit.com\/es\/pero-el-latin-no-es-una-lengua-muerta\/#article","isPartOf":{"@id":"https:\/\/scuolaromit.com\/es\/pero-el-latin-no-es-una-lengua-muerta\/"},"author":{"name":"scuolaromit","@id":"https:\/\/scuolaromit.com\/fr\/#\/schema\/person\/4b236a84dc94303b142b56864d9823ec"},"headline":"\u00bfPero el lat\u00edn no es una lengua muerta?","datePublished":"2015-03-27T09:00:05+00:00","dateModified":"2021-03-20T11:50:15+00:00","mainEntityOfPage":{"@id":"https:\/\/scuolaromit.com\/es\/pero-el-latin-no-es-una-lengua-muerta\/"},"wordCount":605,"commentCount":0,"publisher":{"@id":"https:\/\/scuolaromit.com\/fr\/#organization"},"image":{"@id":"https:\/\/scuolaromit.com\/es\/pero-el-latin-no-es-una-lengua-muerta\/#primaryimage"},"thumbnailUrl":"http:\/\/www.scuolaromit.com\/es\/wp-content\/uploads\/sites\/3\/2014\/12\/Quinto_Orazio_Flacco-Di-chirico.jpg","articleSection":["Articulos ES","Blog"],"inLanguage":"es","potentialAction":[{"@type":"CommentAction","name":"Comment","target":["https:\/\/scuolaromit.com\/es\/pero-el-latin-no-es-una-lengua-muerta\/#respond"]}]},{"@type":"WebPage","@id":"https:\/\/scuolaromit.com\/es\/pero-el-latin-no-es-una-lengua-muerta\/","url":"https:\/\/scuolaromit.com\/es\/pero-el-latin-no-es-una-lengua-muerta\/","name":"\u00bfPero el lat\u00edn no es una lengua muerta? &#8211; Scuola Romit","isPartOf":{"@id":"https:\/\/scuolaromit.com\/fr\/#website"},"primaryImageOfPage":{"@id":"https:\/\/scuolaromit.com\/es\/pero-el-latin-no-es-una-lengua-muerta\/#primaryimage"},"image":{"@id":"https:\/\/scuolaromit.com\/es\/pero-el-latin-no-es-una-lengua-muerta\/#primaryimage"},"thumbnailUrl":"http:\/\/www.scuolaromit.com\/es\/wp-content\/uploads\/sites\/3\/2014\/12\/Quinto_Orazio_Flacco-Di-chirico.jpg","datePublished":"2015-03-27T09:00:05+00:00","dateModified":"2021-03-20T11:50:15+00:00","breadcrumb":{"@id":"https:\/\/scuolaromit.com\/es\/pero-el-latin-no-es-una-lengua-muerta\/#breadcrumb"},"inLanguage":"es","potentialAction":[{"@type":"ReadAction","target":["https:\/\/scuolaromit.com\/es\/pero-el-latin-no-es-una-lengua-muerta\/"]}]},{"@type":"ImageObject","inLanguage":"es","@id":"https:\/\/scuolaromit.com\/es\/pero-el-latin-no-es-una-lengua-muerta\/#primaryimage","url":"http:\/\/www.scuolaromit.com\/es\/wp-content\/uploads\/sites\/3\/2014\/12\/Quinto_Orazio_Flacco-Di-chirico.jpg","contentUrl":"http:\/\/www.scuolaromit.com\/es\/wp-content\/uploads\/sites\/3\/2014\/12\/Quinto_Orazio_Flacco-Di-chirico.jpg"},{"@type":"BreadcrumbList","@id":"https:\/\/scuolaromit.com\/es\/pero-el-latin-no-es-una-lengua-muerta\/#breadcrumb","itemListElement":[{"@type":"ListItem","position":1,"name":"Accueil","item":"https:\/\/scuolaromit.com\/es\/"},{"@type":"ListItem","position":2,"name":"\u00bfPero el lat\u00edn no es una lengua muerta?"}]},{"@type":"WebSite","@id":"https:\/\/scuolaromit.com\/fr\/#website","url":"https:\/\/scuolaromit.com\/fr\/","name":"Scuola Romit","description":"La scuola per imparare l&#039;italiano vivendolo","publisher":{"@id":"https:\/\/scuolaromit.com\/fr\/#organization"},"potentialAction":[{"@type":"SearchAction","target":{"@type":"EntryPoint","urlTemplate":"https:\/\/scuolaromit.com\/fr\/?s={search_term_string}"},"query-input":{"@type":"PropertyValueSpecification","valueRequired":true,"valueName":"search_term_string"}}],"inLanguage":"es"},{"@type":"Organization","@id":"https:\/\/scuolaromit.com\/fr\/#organization","name":"Scuola Romit","url":"https:\/\/scuolaromit.com\/fr\/","logo":{"@type":"ImageObject","inLanguage":"es","@id":"https:\/\/scuolaromit.com\/fr\/#\/schema\/logo\/image\/","url":"https:\/\/scuolaromit.com\/wp-content\/uploads\/2020\/07\/logo-1.jpg","contentUrl":"https:\/\/scuolaromit.com\/wp-content\/uploads\/2020\/07\/logo-1.jpg","width":452,"height":152,"caption":"Scuola Romit"},"image":{"@id":"https:\/\/scuolaromit.com\/fr\/#\/schema\/logo\/image\/"},"sameAs":["https:\/\/www.facebook.com\/ScuolaRomit","https:\/\/www.instagram.com\/scuolaromit\/"]},{"@type":"Person","@id":"https:\/\/scuolaromit.com\/fr\/#\/schema\/person\/4b236a84dc94303b142b56864d9823ec","name":"scuolaromit","image":{"@type":"ImageObject","inLanguage":"es","@id":"https:\/\/scuolaromit.com\/fr\/#\/schema\/person\/image\/","url":"https:\/\/secure.gravatar.com\/avatar\/363442ba35974175a79e19d11efcb05f3f78296827a7dfd49f84dd549f4144e9?s=96&d=mm&r=g","contentUrl":"https:\/\/secure.gravatar.com\/avatar\/363442ba35974175a79e19d11efcb05f3f78296827a7dfd49f84dd549f4144e9?s=96&d=mm&r=g","caption":"scuolaromit"}}]}},"_links":{"self":[{"href":"https:\/\/scuolaromit.com\/es\/wp-json\/wp\/v2\/posts\/2549","targetHints":{"allow":["GET"]}}],"collection":[{"href":"https:\/\/scuolaromit.com\/es\/wp-json\/wp\/v2\/posts"}],"about":[{"href":"https:\/\/scuolaromit.com\/es\/wp-json\/wp\/v2\/types\/post"}],"author":[{"embeddable":true,"href":"https:\/\/scuolaromit.com\/es\/wp-json\/wp\/v2\/users\/3"}],"replies":[{"embeddable":true,"href":"https:\/\/scuolaromit.com\/es\/wp-json\/wp\/v2\/comments?post=2549"}],"version-history":[{"count":2,"href":"https:\/\/scuolaromit.com\/es\/wp-json\/wp\/v2\/posts\/2549\/revisions"}],"predecessor-version":[{"id":3369,"href":"https:\/\/scuolaromit.com\/es\/wp-json\/wp\/v2\/posts\/2549\/revisions\/3369"}],"wp:attachment":[{"href":"https:\/\/scuolaromit.com\/es\/wp-json\/wp\/v2\/media?parent=2549"}],"wp:term":[{"taxonomy":"category","embeddable":true,"href":"https:\/\/scuolaromit.com\/es\/wp-json\/wp\/v2\/categories?post=2549"},{"taxonomy":"post_tag","embeddable":true,"href":"https:\/\/scuolaromit.com\/es\/wp-json\/wp\/v2\/tags?post=2549"}],"curies":[{"name":"wp","href":"https:\/\/api.w.org\/{rel}","templated":true}]}}