{"id":2541,"date":"2015-03-03T08:00:33","date_gmt":"2015-03-03T07:00:33","guid":{"rendered":"http:\/\/www.scuolaromit.it\/articoli\/?p=309"},"modified":"2021-05-03T17:38:30","modified_gmt":"2021-05-03T15:38:30","slug":"el-victoriano-roma","status":"publish","type":"post","link":"https:\/\/scuolaromit.com\/es\/el-victoriano-roma\/","title":{"rendered":"El Victoriano. Una vista inolvidable de la ciudad y un espacio cultural activo"},"content":{"rendered":"<p>En Roma, en Plaza Venecia, hay un monumento que se alza en toda su majestuosidad, siendo visible desde cualquier perspectiva: el <strong>Victoriano<\/strong>. De d\u00eda, de noche, en cualquier momento del d\u00eda que se encuentren pasando cerca del Campidoglio, el Victoriano, o <strong>Altar de la Patria<\/strong>, les sorprender\u00e1 con toda su grandeza.<\/p>\n<p><img decoding=\"async\" class=\"aligncenter size-large wp-image-218\" src=\"http:\/\/www.scuolaromit.com\/esp\/wp-content\/uploads\/sites\/3\/2015\/01\/Allied_Forces_in_Rome_June_1944-550x362.jpg\" alt=\"Allied Forces in_Rome - June 1944\" width=\"550\" height=\"362\" \/><\/p>\n<p>El famoso <strong>monumento nacional a V\u00edctor Manuel II<\/strong> fue construido para honrar y acoger los restos de V\u00edctor Manuel II de Savoya, <strong>el primer Rey de Italia<\/strong>. El proyecto es obra de <strong>Giuseppe Sacconi<\/strong>, que pens\u00f3 en este lugar como una verdadera alegor\u00eda de Italia, un s\u00edmbolo de la celebraci\u00f3n del territorio nacional y de su esp\u00edritu, unificados en un \u00fanico monumento. Todas las esculturas que se encuentran en el Altar de la Patria son una prueba de las intenciones de su edificaci\u00f3n. Las esculturas del <em>Pensamiento<\/em>, de la <em>Concordia<\/em>, del <em>Derecho<\/em> son s\u00f3lo algunas de estas representaciones simb\u00f3licas que se pueden admirar en la actualidad. Entre bajo relieves y esculturas, la \u00fanica representaci\u00f3n no simb\u00f3lica pero realista, es la de V\u00edctor Manuel.<\/p>\n<p>El Victoriano no es s\u00f3lo un importante emblema arquitect\u00f3nico de la capital y de la historia nacional, si no es tambi\u00e9n <strong>un centro cultural activo<\/strong>, sede de exposiciones art\u00edsticas o de importantes iniciativas. De hecho, este car\u00e1cter polifac\u00e9tico es parte del Altar de la Patria desde su origen. En 1921, el Altar de la Patria alberg\u00f3 los restos mortales del <strong><em>Soldado Desconocido<\/em><\/strong>, hecho que reforz\u00f3 en sentido aleg\u00f3rico este monumento, \u00fanico en su g\u00e9nero; pero ya en 1915 se celebr\u00f3 un famoso acontecimiento para honrar a los ca\u00eddos en guerra.<\/p>\n<p>Se dice que cuando muri\u00f3 el Padre de la Patria V\u00edctor Manuel II se decidi\u00f3 conmemorar a este personaje hist\u00f3rico a trav\u00e9s de un monumento. Era 1878 y unos a\u00f1os m\u00e1s tarde, en 1880, fue un arquitecto franc\u00e9s, Nenot, el que gan\u00f3 el concurso para construir un monumento dedicado al Rey. Este suceso no lleg\u00f3 a ninguna de las fases de construcci\u00f3n, con lo cual se cre\u00f3 una segunda selecci\u00f3n unos a\u00f1os m\u00e1s tarde, en 1882, que gan\u00f3 el arquitecto <strong>Giuseppe Sacconi<\/strong>, originario de la regi\u00f3n de Le Marche. El proyecto presentaba unas ideas generales: por ejemplo, el complejo iba a surgir en el Campidoglio y a presentar una estatua ecuestre dedicada al Rey, una fachada con una altura determinada en metros, y construirse de modo que esconda a los edificios detr\u00e1s de \u00e9l.<\/p>\n<p><img decoding=\"async\" class=\"aligncenter size-large wp-image-219\" src=\"http:\/\/www.scuolaromit.com\/esp\/wp-content\/uploads\/sites\/3\/2015\/01\/Carlo_Cainelli_-_LAltare_della_Patria_Roma-550x416.jpg\" alt=\"Carlo_Cainelli_\u2013_L'Altare_della_Patria,_Roma\" width=\"550\" height=\"416\" \/><\/p>\n<p>Quien ama a las vistas inolvidables de la ciudad de Roma, no quedara decepcionado despu\u00e9s de subir a la <strong><em>Terraza de las Cuadrigas<\/em><\/strong>, en la parte superior del complejo del Victoriano. Aqu\u00ed, <strong>es posible admirar uno de los panoramas m\u00e1s bonitos de la capital<\/strong>. Se trata, de hecho, de un punto particularmente estrat\u00e9gico, que permite disfrutar de una vista de la ciudad verdaderamente amplia. Desde aqu\u00ed se pueden ver el Coliseo, pero tambi\u00e9n algunas iglesias del centro, los <a href=\"http:\/\/www.scuolaromit.com\/es\/una-visita-a-los-foros-imperiales\/\">Foros Imperiales<\/a>, el T\u00edber, el Quirinal e incluso los Castillos Romanos.<\/p>\n<p>Hay varios eventos importantes que han tenido lugar en este espacio, empezando por las exposiciones de arte moderno y contempor\u00e1neo. C\u00e9zanne, Mondrian, Sironi, retrospectivas de artistas de fama internacional, exposiciones fotogr\u00e1ficas. <strong>El Victoriano es un tesoro que a d\u00eda de hoy celebra la libertad creativa inherente a todas las formas de arte<\/strong>, cualquiera que sea la \u00e9poca a la cual pertenezcan.<\/p>\n","protected":false},"excerpt":{"rendered":"<p>En Roma, en Plaza Venecia, hay un monumento que se  [&#8230;]<\/p>\n","protected":false},"author":3,"featured_media":0,"comment_status":"open","ping_status":"open","sticky":false,"template":"","format":"standard","meta":{"footnotes":""},"categories":[55],"tags":[],"class_list":["post-2541","post","type-post","status-publish","format-standard","hentry","category-articulos-es"],"yoast_head":"<!-- This site is optimized with the Yoast SEO plugin v26.5 - https:\/\/yoast.com\/wordpress\/plugins\/seo\/ -->\n<title>El Victoriano. Una vista inolvidable de la ciudad y un espacio cultural activo &#8211; Scuola Romit<\/title>\n<meta name=\"robots\" content=\"index, follow, max-snippet:-1, max-image-preview:large, max-video-preview:-1\" \/>\n<link rel=\"canonical\" href=\"https:\/\/scuolaromit.com\/es\/el-victoriano-roma\/\" \/>\n<meta property=\"og:locale\" content=\"es_ES\" \/>\n<meta property=\"og:type\" content=\"article\" \/>\n<meta property=\"og:title\" content=\"El Victoriano. Una vista inolvidable de la ciudad y un espacio cultural activo &#8211; Scuola Romit\" \/>\n<meta property=\"og:description\" content=\"En Roma, en Plaza Venecia, hay un monumento que se [...]\" \/>\n<meta property=\"og:url\" content=\"https:\/\/scuolaromit.com\/es\/el-victoriano-roma\/\" \/>\n<meta property=\"og:site_name\" content=\"Scuola Romit\" \/>\n<meta property=\"article:publisher\" content=\"https:\/\/www.facebook.com\/ScuolaRomit\" \/>\n<meta property=\"article:published_time\" content=\"2015-03-03T07:00:33+00:00\" \/>\n<meta property=\"article:modified_time\" content=\"2021-05-03T15:38:30+00:00\" \/>\n<meta property=\"og:image\" content=\"http:\/\/www.scuolaromit.com\/esp\/wp-content\/uploads\/sites\/3\/2015\/01\/Allied_Forces_in_Rome_June_1944-550x362.jpg\" \/>\n<meta name=\"author\" content=\"scuolaromit\" \/>\n<meta name=\"twitter:card\" content=\"summary_large_image\" \/>\n<meta name=\"twitter:label1\" content=\"Escrito por\" \/>\n\t<meta name=\"twitter:data1\" content=\"scuolaromit\" \/>\n\t<meta name=\"twitter:label2\" content=\"Tiempo de lectura\" \/>\n\t<meta name=\"twitter:data2\" content=\"3 minutos\" \/>\n<script type=\"application\/ld+json\" class=\"yoast-schema-graph\">{\"@context\":\"https:\/\/schema.org\",\"@graph\":[{\"@type\":\"Article\",\"@id\":\"https:\/\/scuolaromit.com\/es\/el-victoriano-roma\/#article\",\"isPartOf\":{\"@id\":\"https:\/\/scuolaromit.com\/es\/el-victoriano-roma\/\"},\"author\":{\"name\":\"scuolaromit\",\"@id\":\"https:\/\/scuolaromit.com\/fr\/#\/schema\/person\/4b236a84dc94303b142b56864d9823ec\"},\"headline\":\"El Victoriano. Una vista inolvidable de la ciudad y un espacio cultural activo\",\"datePublished\":\"2015-03-03T07:00:33+00:00\",\"dateModified\":\"2021-05-03T15:38:30+00:00\",\"mainEntityOfPage\":{\"@id\":\"https:\/\/scuolaromit.com\/es\/el-victoriano-roma\/\"},\"wordCount\":600,\"commentCount\":0,\"publisher\":{\"@id\":\"https:\/\/scuolaromit.com\/fr\/#organization\"},\"image\":{\"@id\":\"https:\/\/scuolaromit.com\/es\/el-victoriano-roma\/#primaryimage\"},\"thumbnailUrl\":\"http:\/\/www.scuolaromit.com\/esp\/wp-content\/uploads\/sites\/3\/2015\/01\/Allied_Forces_in_Rome_June_1944-550x362.jpg\",\"articleSection\":[\"Articulos ES\"],\"inLanguage\":\"es\",\"potentialAction\":[{\"@type\":\"CommentAction\",\"name\":\"Comment\",\"target\":[\"https:\/\/scuolaromit.com\/es\/el-victoriano-roma\/#respond\"]}]},{\"@type\":\"WebPage\",\"@id\":\"https:\/\/scuolaromit.com\/es\/el-victoriano-roma\/\",\"url\":\"https:\/\/scuolaromit.com\/es\/el-victoriano-roma\/\",\"name\":\"El Victoriano. Una vista inolvidable de la ciudad y un espacio cultural activo &#8211; Scuola Romit\",\"isPartOf\":{\"@id\":\"https:\/\/scuolaromit.com\/fr\/#website\"},\"primaryImageOfPage\":{\"@id\":\"https:\/\/scuolaromit.com\/es\/el-victoriano-roma\/#primaryimage\"},\"image\":{\"@id\":\"https:\/\/scuolaromit.com\/es\/el-victoriano-roma\/#primaryimage\"},\"thumbnailUrl\":\"http:\/\/www.scuolaromit.com\/esp\/wp-content\/uploads\/sites\/3\/2015\/01\/Allied_Forces_in_Rome_June_1944-550x362.jpg\",\"datePublished\":\"2015-03-03T07:00:33+00:00\",\"dateModified\":\"2021-05-03T15:38:30+00:00\",\"breadcrumb\":{\"@id\":\"https:\/\/scuolaromit.com\/es\/el-victoriano-roma\/#breadcrumb\"},\"inLanguage\":\"es\",\"potentialAction\":[{\"@type\":\"ReadAction\",\"target\":[\"https:\/\/scuolaromit.com\/es\/el-victoriano-roma\/\"]}]},{\"@type\":\"ImageObject\",\"inLanguage\":\"es\",\"@id\":\"https:\/\/scuolaromit.com\/es\/el-victoriano-roma\/#primaryimage\",\"url\":\"http:\/\/www.scuolaromit.com\/esp\/wp-content\/uploads\/sites\/3\/2015\/01\/Allied_Forces_in_Rome_June_1944-550x362.jpg\",\"contentUrl\":\"http:\/\/www.scuolaromit.com\/esp\/wp-content\/uploads\/sites\/3\/2015\/01\/Allied_Forces_in_Rome_June_1944-550x362.jpg\"},{\"@type\":\"BreadcrumbList\",\"@id\":\"https:\/\/scuolaromit.com\/es\/el-victoriano-roma\/#breadcrumb\",\"itemListElement\":[{\"@type\":\"ListItem\",\"position\":1,\"name\":\"Accueil\",\"item\":\"https:\/\/scuolaromit.com\/es\/\"},{\"@type\":\"ListItem\",\"position\":2,\"name\":\"El Victoriano. Una vista inolvidable de la ciudad y un espacio cultural activo\"}]},{\"@type\":\"WebSite\",\"@id\":\"https:\/\/scuolaromit.com\/fr\/#website\",\"url\":\"https:\/\/scuolaromit.com\/fr\/\",\"name\":\"Scuola Romit\",\"description\":\"La scuola per imparare l&#039;italiano vivendolo\",\"publisher\":{\"@id\":\"https:\/\/scuolaromit.com\/fr\/#organization\"},\"potentialAction\":[{\"@type\":\"SearchAction\",\"target\":{\"@type\":\"EntryPoint\",\"urlTemplate\":\"https:\/\/scuolaromit.com\/fr\/?s={search_term_string}\"},\"query-input\":{\"@type\":\"PropertyValueSpecification\",\"valueRequired\":true,\"valueName\":\"search_term_string\"}}],\"inLanguage\":\"es\"},{\"@type\":\"Organization\",\"@id\":\"https:\/\/scuolaromit.com\/fr\/#organization\",\"name\":\"Scuola Romit\",\"url\":\"https:\/\/scuolaromit.com\/fr\/\",\"logo\":{\"@type\":\"ImageObject\",\"inLanguage\":\"es\",\"@id\":\"https:\/\/scuolaromit.com\/fr\/#\/schema\/logo\/image\/\",\"url\":\"https:\/\/scuolaromit.com\/wp-content\/uploads\/2020\/07\/logo-1.jpg\",\"contentUrl\":\"https:\/\/scuolaromit.com\/wp-content\/uploads\/2020\/07\/logo-1.jpg\",\"width\":452,\"height\":152,\"caption\":\"Scuola Romit\"},\"image\":{\"@id\":\"https:\/\/scuolaromit.com\/fr\/#\/schema\/logo\/image\/\"},\"sameAs\":[\"https:\/\/www.facebook.com\/ScuolaRomit\",\"https:\/\/www.instagram.com\/scuolaromit\/\"]},{\"@type\":\"Person\",\"@id\":\"https:\/\/scuolaromit.com\/fr\/#\/schema\/person\/4b236a84dc94303b142b56864d9823ec\",\"name\":\"scuolaromit\",\"image\":{\"@type\":\"ImageObject\",\"inLanguage\":\"es\",\"@id\":\"https:\/\/scuolaromit.com\/fr\/#\/schema\/person\/image\/\",\"url\":\"https:\/\/secure.gravatar.com\/avatar\/363442ba35974175a79e19d11efcb05f3f78296827a7dfd49f84dd549f4144e9?s=96&d=mm&r=g\",\"contentUrl\":\"https:\/\/secure.gravatar.com\/avatar\/363442ba35974175a79e19d11efcb05f3f78296827a7dfd49f84dd549f4144e9?s=96&d=mm&r=g\",\"caption\":\"scuolaromit\"}}]}<\/script>\n<!-- \/ Yoast SEO plugin. -->","yoast_head_json":{"title":"El Victoriano. Una vista inolvidable de la ciudad y un espacio cultural activo &#8211; Scuola Romit","robots":{"index":"index","follow":"follow","max-snippet":"max-snippet:-1","max-image-preview":"max-image-preview:large","max-video-preview":"max-video-preview:-1"},"canonical":"https:\/\/scuolaromit.com\/es\/el-victoriano-roma\/","og_locale":"es_ES","og_type":"article","og_title":"El Victoriano. Una vista inolvidable de la ciudad y un espacio cultural activo &#8211; Scuola Romit","og_description":"En Roma, en Plaza Venecia, hay un monumento que se [...]","og_url":"https:\/\/scuolaromit.com\/es\/el-victoriano-roma\/","og_site_name":"Scuola Romit","article_publisher":"https:\/\/www.facebook.com\/ScuolaRomit","article_published_time":"2015-03-03T07:00:33+00:00","article_modified_time":"2021-05-03T15:38:30+00:00","og_image":[{"url":"http:\/\/www.scuolaromit.com\/esp\/wp-content\/uploads\/sites\/3\/2015\/01\/Allied_Forces_in_Rome_June_1944-550x362.jpg","type":"","width":"","height":""}],"author":"scuolaromit","twitter_card":"summary_large_image","twitter_misc":{"Escrito por":"scuolaromit","Tiempo de lectura":"3 minutos"},"schema":{"@context":"https:\/\/schema.org","@graph":[{"@type":"Article","@id":"https:\/\/scuolaromit.com\/es\/el-victoriano-roma\/#article","isPartOf":{"@id":"https:\/\/scuolaromit.com\/es\/el-victoriano-roma\/"},"author":{"name":"scuolaromit","@id":"https:\/\/scuolaromit.com\/fr\/#\/schema\/person\/4b236a84dc94303b142b56864d9823ec"},"headline":"El Victoriano. Una vista inolvidable de la ciudad y un espacio cultural activo","datePublished":"2015-03-03T07:00:33+00:00","dateModified":"2021-05-03T15:38:30+00:00","mainEntityOfPage":{"@id":"https:\/\/scuolaromit.com\/es\/el-victoriano-roma\/"},"wordCount":600,"commentCount":0,"publisher":{"@id":"https:\/\/scuolaromit.com\/fr\/#organization"},"image":{"@id":"https:\/\/scuolaromit.com\/es\/el-victoriano-roma\/#primaryimage"},"thumbnailUrl":"http:\/\/www.scuolaromit.com\/esp\/wp-content\/uploads\/sites\/3\/2015\/01\/Allied_Forces_in_Rome_June_1944-550x362.jpg","articleSection":["Articulos ES"],"inLanguage":"es","potentialAction":[{"@type":"CommentAction","name":"Comment","target":["https:\/\/scuolaromit.com\/es\/el-victoriano-roma\/#respond"]}]},{"@type":"WebPage","@id":"https:\/\/scuolaromit.com\/es\/el-victoriano-roma\/","url":"https:\/\/scuolaromit.com\/es\/el-victoriano-roma\/","name":"El Victoriano. Una vista inolvidable de la ciudad y un espacio cultural activo &#8211; Scuola Romit","isPartOf":{"@id":"https:\/\/scuolaromit.com\/fr\/#website"},"primaryImageOfPage":{"@id":"https:\/\/scuolaromit.com\/es\/el-victoriano-roma\/#primaryimage"},"image":{"@id":"https:\/\/scuolaromit.com\/es\/el-victoriano-roma\/#primaryimage"},"thumbnailUrl":"http:\/\/www.scuolaromit.com\/esp\/wp-content\/uploads\/sites\/3\/2015\/01\/Allied_Forces_in_Rome_June_1944-550x362.jpg","datePublished":"2015-03-03T07:00:33+00:00","dateModified":"2021-05-03T15:38:30+00:00","breadcrumb":{"@id":"https:\/\/scuolaromit.com\/es\/el-victoriano-roma\/#breadcrumb"},"inLanguage":"es","potentialAction":[{"@type":"ReadAction","target":["https:\/\/scuolaromit.com\/es\/el-victoriano-roma\/"]}]},{"@type":"ImageObject","inLanguage":"es","@id":"https:\/\/scuolaromit.com\/es\/el-victoriano-roma\/#primaryimage","url":"http:\/\/www.scuolaromit.com\/esp\/wp-content\/uploads\/sites\/3\/2015\/01\/Allied_Forces_in_Rome_June_1944-550x362.jpg","contentUrl":"http:\/\/www.scuolaromit.com\/esp\/wp-content\/uploads\/sites\/3\/2015\/01\/Allied_Forces_in_Rome_June_1944-550x362.jpg"},{"@type":"BreadcrumbList","@id":"https:\/\/scuolaromit.com\/es\/el-victoriano-roma\/#breadcrumb","itemListElement":[{"@type":"ListItem","position":1,"name":"Accueil","item":"https:\/\/scuolaromit.com\/es\/"},{"@type":"ListItem","position":2,"name":"El Victoriano. Una vista inolvidable de la ciudad y un espacio cultural activo"}]},{"@type":"WebSite","@id":"https:\/\/scuolaromit.com\/fr\/#website","url":"https:\/\/scuolaromit.com\/fr\/","name":"Scuola Romit","description":"La scuola per imparare l&#039;italiano vivendolo","publisher":{"@id":"https:\/\/scuolaromit.com\/fr\/#organization"},"potentialAction":[{"@type":"SearchAction","target":{"@type":"EntryPoint","urlTemplate":"https:\/\/scuolaromit.com\/fr\/?s={search_term_string}"},"query-input":{"@type":"PropertyValueSpecification","valueRequired":true,"valueName":"search_term_string"}}],"inLanguage":"es"},{"@type":"Organization","@id":"https:\/\/scuolaromit.com\/fr\/#organization","name":"Scuola Romit","url":"https:\/\/scuolaromit.com\/fr\/","logo":{"@type":"ImageObject","inLanguage":"es","@id":"https:\/\/scuolaromit.com\/fr\/#\/schema\/logo\/image\/","url":"https:\/\/scuolaromit.com\/wp-content\/uploads\/2020\/07\/logo-1.jpg","contentUrl":"https:\/\/scuolaromit.com\/wp-content\/uploads\/2020\/07\/logo-1.jpg","width":452,"height":152,"caption":"Scuola Romit"},"image":{"@id":"https:\/\/scuolaromit.com\/fr\/#\/schema\/logo\/image\/"},"sameAs":["https:\/\/www.facebook.com\/ScuolaRomit","https:\/\/www.instagram.com\/scuolaromit\/"]},{"@type":"Person","@id":"https:\/\/scuolaromit.com\/fr\/#\/schema\/person\/4b236a84dc94303b142b56864d9823ec","name":"scuolaromit","image":{"@type":"ImageObject","inLanguage":"es","@id":"https:\/\/scuolaromit.com\/fr\/#\/schema\/person\/image\/","url":"https:\/\/secure.gravatar.com\/avatar\/363442ba35974175a79e19d11efcb05f3f78296827a7dfd49f84dd549f4144e9?s=96&d=mm&r=g","contentUrl":"https:\/\/secure.gravatar.com\/avatar\/363442ba35974175a79e19d11efcb05f3f78296827a7dfd49f84dd549f4144e9?s=96&d=mm&r=g","caption":"scuolaromit"}}]}},"_links":{"self":[{"href":"https:\/\/scuolaromit.com\/es\/wp-json\/wp\/v2\/posts\/2541","targetHints":{"allow":["GET"]}}],"collection":[{"href":"https:\/\/scuolaromit.com\/es\/wp-json\/wp\/v2\/posts"}],"about":[{"href":"https:\/\/scuolaromit.com\/es\/wp-json\/wp\/v2\/types\/post"}],"author":[{"embeddable":true,"href":"https:\/\/scuolaromit.com\/es\/wp-json\/wp\/v2\/users\/3"}],"replies":[{"embeddable":true,"href":"https:\/\/scuolaromit.com\/es\/wp-json\/wp\/v2\/comments?post=2541"}],"version-history":[{"count":3,"href":"https:\/\/scuolaromit.com\/es\/wp-json\/wp\/v2\/posts\/2541\/revisions"}],"predecessor-version":[{"id":3802,"href":"https:\/\/scuolaromit.com\/es\/wp-json\/wp\/v2\/posts\/2541\/revisions\/3802"}],"wp:attachment":[{"href":"https:\/\/scuolaromit.com\/es\/wp-json\/wp\/v2\/media?parent=2541"}],"wp:term":[{"taxonomy":"category","embeddable":true,"href":"https:\/\/scuolaromit.com\/es\/wp-json\/wp\/v2\/categories?post=2541"},{"taxonomy":"post_tag","embeddable":true,"href":"https:\/\/scuolaromit.com\/es\/wp-json\/wp\/v2\/tags?post=2541"}],"curies":[{"name":"wp","href":"https:\/\/api.w.org\/{rel}","templated":true}]}}