{"id":2534,"date":"2015-02-13T13:38:47","date_gmt":"2015-02-13T12:38:47","guid":{"rendered":"http:\/\/www.scuolaromit.it\/articoli\/?p=273"},"modified":"2021-05-03T17:43:17","modified_gmt":"2021-05-03T15:43:17","slug":"el-tiber-a-los-origenes-de-la-ciudad-de-roma","status":"publish","type":"post","link":"https:\/\/scuolaromit.com\/es\/el-tiber-a-los-origenes-de-la-ciudad-de-roma\/","title":{"rendered":"El T\u00edber. A los or\u00edgenes de la ciudad de Roma"},"content":{"rendered":"<p><strong>Los r\u00edos representan, desde siempre, un elemento clave en el nacimiento y el desarrollo hist\u00f3rico de las civilizaciones<\/strong>. Son muchos los imperios que han fundado en la presencia del agua su historia entera, basta pensar en Mesopotamia, en el Valle del r\u00edo Indo, en Egipto. Desde las actividades comerciales hasta las agr\u00edcolas, desde la ganader\u00eda hasta la cultura, los r\u00edos son medios indispensables para la superviviencia de los pueblos, hasta el punto de recibir incluso un significado simb\u00f3lico.<\/p>\n<p><img decoding=\"async\" class=\"aligncenter size-large wp-image-223\" src=\"http:\/\/www.scuolaromit.com\/esp\/wp-content\/uploads\/sites\/3\/2015\/01\/Vista-sul-tevere-550x359.jpg\" alt=\"Vista-sul-tevere\" width=\"550\" height=\"359\" \/><\/p>\n<p>Como ustedes saben, incluso la ciudad de Roma cuenta con la presencia de un r\u00edo muy importante: el T\u00edber. Este r\u00edo nace en el <em>monte Fumaiolo<\/em>, una monta\u00f1a situado en los Apeninos tosco-roma\u00f1olo, y desemboca en el Mar Tirreno. Despu\u00e9s del Po y el Adige, <strong>el T\u00edber representa el tercer r\u00edo italiano por longitud<\/strong>, discurre por un total de unos 400 kil\u00f3metros entre los montes Sabinos y los montes Ciminos. El T\u00edber esta alimentado por varios afluentes y arroyos a lo largo de su camino, entre ellos el Aniene, el Nera y el Farfa son seguramente los m\u00e1s conocidos.<\/p>\n<p>Debido a esa riqueza, nos resulta dif\u00edcil creer que sin la presencia de este recurso h\u00eddrico, Roma hubiera tenido el mismo camino hist\u00f3rico. En esta regi\u00f3n de Lazio, en el siglo VIII a.C., nacen los primeros asentamientos habitados. Seg\u00fan las fuentes tradicionales, la fundaci\u00f3n de Roma se remonta al a\u00f1o 753 a.C., pero los vestigios m\u00e1s consistentes de ocupaci\u00f3n se datan del siglo IV a.C. y se sit\u00faan en la zona de Ostia.<\/p>\n<p>A lo largo de la primera fase de la historia romana, la ciudad tiene una serie de iniciativas encaminadas a controlar el comercio y, en este tema, el r\u00edo tiene una funci\u00f3n esencial.<\/p>\n<p><strong>Sabemos que los romanos eran expertos en ingenier\u00eda hidr\u00e1ulica<\/strong>; a ellos se atribuye el proyecto de acueductos en \u00e9pocas posteriores, e incluso la llamada <em>Cloaca M\u00e1xima<\/em>, uno de los sistemas de alcantarillado conocidos m\u00e1s antiguos.<br \/>\nEstamos solo en el siglo VI a.C. y este hecho es sin duda un \u00edndice de la capacidad de la ciudad de aprendizaje y conocimiento de otras civilizaciones y pueblos con los que entraron en contacto para crear iniciativas extraordinarias, la primera de ellas, la Cloaca, en cuyo proyecto han contribuido los conocimientos tomados del pueblo etrusco.<\/p>\n<p>Como es sencillo de intuir, el r\u00edo era importante para los comercios y por su naturaleza de conexi\u00f3n con la zona portuaria, asomada al mar Tirreno. Los latinos llamaban a este r\u00edo T\u00ecberis, del cual deriva T\u00edber, pero probablemente el nombre m\u00e1s antiguo es Rumon, de \u201crumiante\u201d, hecho que evidencia y hace referencia a la erosi\u00f3n de las orillas de los r\u00edos, que fue notada ya en la \u00e9poca antigua.<\/p>\n<p><strong>Otra expresi\u00f3n con la que los romanos indicaban el Tiber es \u201cAlbula\u201d o \u201cBiondo Flavio\u201d<\/strong>, por la tonalidad de la arena. Una curiosidad en la cual merece la pena detenerse es que, seg\u00fan Servio, autor latino que probablemente vivi\u00f3 durante el siglo V a.C., la ciudad de Roma debe su propio nombre precisamente al T\u00edber. <em>Rumen<\/em> o <em>Rumon<\/em>, los t\u00e9rminos con los cuales los latinos indicaban el r\u00edo, comparten una raiz parecida a Roma, y m\u00e1s precisamente al verbo Ruo, o sea \u201cfluyo\u201d.<\/p>\n<p><img decoding=\"async\" class=\"aligncenter size-large wp-image-226\" src=\"http:\/\/www.scuolaromit.com\/esp\/wp-content\/uploads\/sites\/3\/2015\/01\/lungotevere-550x550.jpg\" alt=\"lungotevere\" width=\"550\" height=\"550\" \/><\/p>\n<p>En cuanto a las fuentes legendarias sobre los or\u00edgenes de Roma, sabemos que fue <strong>Eneas<\/strong>, el famoso h\u00e9roe mitol\u00f3gico y fugitivo de Troya, en busca de una patria, en llegar a esta zona donde se fund\u00f3 Roma, e incluso aqu\u00ed el r\u00edo juega un papel esencial.<br \/>\nEneas subi\u00f3 la desembocadura del r\u00eco que, entonces, era conocido como Albula, llegando cerca de una zona habitada por pastores. El r\u00edo m\u00e1s tarde fue nombrado T\u00edber probablemente en honor de una divinidad fluvial o de un Rey llamado Tiberinus que pudieran haber tenido alguna conexi\u00f3n con el curso del agua.<\/p>\n<p>Leyenda o no, <strong>sabemos que el r\u00edo fue utilizado desde los or\u00edgenes de la ciudad<\/strong> y que el pueblo se preocup\u00f3 de empezar una serie de intervenciones a fin de utilizar de manera \u00f3ptima esta reserva. El T\u00edber fue utilizado como fuente de agua potable, como conexi\u00f3n y v\u00eda de comunicaci\u00f3n, utilizado por barcos, y como ambiente propicio para la pesca. Se constru\u00edan puentes de madera para cruzar las orillas y estas construcciones se convirtieron en mamposter\u00eca. Como ya se ha mencionado, el primer acueducto de Roma debe su origen a <strong>Appio Claudio<\/strong>, quien tambi\u00e9n decidi\u00f3 construir la famosa Calle Appia.<\/p>\n<p>Hoy en d\u00eda, el T\u00edber es un maravilloso r\u00eco que atraviesa la Ciudad Eterna, regalando a sus visitantes unos panoramas que son muy dif\u00edciles de olvidar. A las afueras de Roma, m\u00e1s all\u00e0 del GRA (Grande Raccordo Anulare, una autov\u00eca que circunda la capital italiana), el r\u00eco fluye dentro de un area protegida, que es parte de la <strong>Reserva Natural del Litoral Romano<\/strong>. En todo su recorrido, este r\u00edo se encuentra con muchas especies vegetales, arbustos, plantas tales como \u00e1lamos, eucaliptos, pinos y varias especies de fauna que encuentran aqu\u00ed un h\u00e1bitat ideal. De hecho, sabemos que en el momento de la limpieza, por razones log\u00edsticas, se plantaron en la zona de la desembocadura unas especies de arbustos capaces de absorber el exceso de agua. <strong>Esta es la raz\u00f3n que caracteriza la extraordinaria biodiversidad t\u00edpica del paisaje romano de hoy en d\u00eda<\/strong>.<\/p>\n<p><img decoding=\"async\" class=\"aligncenter size-large wp-image-226\" src=\"http:\/\/www.scuolaromit.com\/esp\/wp-content\/uploads\/sites\/3\/2015\/01\/lungotevere-550x550.jpg\" alt=\"lungotevere\" width=\"550\" height=\"550\" \/><\/p>\n","protected":false},"excerpt":{"rendered":"<p>Los r\u00edos representan, desde siempre, un elemento clave en el  [&#8230;]<\/p>\n","protected":false},"author":3,"featured_media":0,"comment_status":"open","ping_status":"open","sticky":false,"template":"","format":"standard","meta":{"footnotes":""},"categories":[55],"tags":[],"class_list":["post-2534","post","type-post","status-publish","format-standard","hentry","category-articulos-es"],"yoast_head":"<!-- This site is optimized with the Yoast SEO plugin v26.5 - https:\/\/yoast.com\/wordpress\/plugins\/seo\/ -->\n<title>El T\u00edber. A los or\u00edgenes de la ciudad de Roma &#8211; Scuola Romit<\/title>\n<meta name=\"robots\" content=\"index, follow, max-snippet:-1, max-image-preview:large, max-video-preview:-1\" \/>\n<link rel=\"canonical\" href=\"https:\/\/scuolaromit.com\/es\/el-tiber-a-los-origenes-de-la-ciudad-de-roma\/\" \/>\n<meta property=\"og:locale\" content=\"es_ES\" \/>\n<meta property=\"og:type\" content=\"article\" \/>\n<meta property=\"og:title\" content=\"El T\u00edber. A los or\u00edgenes de la ciudad de Roma &#8211; Scuola Romit\" \/>\n<meta property=\"og:description\" content=\"Los r\u00edos representan, desde siempre, un elemento clave en el [...]\" \/>\n<meta property=\"og:url\" content=\"https:\/\/scuolaromit.com\/es\/el-tiber-a-los-origenes-de-la-ciudad-de-roma\/\" \/>\n<meta property=\"og:site_name\" content=\"Scuola Romit\" \/>\n<meta property=\"article:publisher\" content=\"https:\/\/www.facebook.com\/ScuolaRomit\" \/>\n<meta property=\"article:published_time\" content=\"2015-02-13T12:38:47+00:00\" \/>\n<meta property=\"article:modified_time\" content=\"2021-05-03T15:43:17+00:00\" \/>\n<meta property=\"og:image\" content=\"http:\/\/www.scuolaromit.com\/esp\/wp-content\/uploads\/sites\/3\/2015\/01\/Vista-sul-tevere-550x359.jpg\" \/>\n<meta name=\"author\" content=\"scuolaromit\" \/>\n<meta name=\"twitter:card\" content=\"summary_large_image\" \/>\n<meta name=\"twitter:label1\" content=\"Escrito por\" \/>\n\t<meta name=\"twitter:data1\" content=\"scuolaromit\" \/>\n\t<meta name=\"twitter:label2\" content=\"Tiempo de lectura\" \/>\n\t<meta name=\"twitter:data2\" content=\"5 minutos\" \/>\n<script type=\"application\/ld+json\" class=\"yoast-schema-graph\">{\"@context\":\"https:\/\/schema.org\",\"@graph\":[{\"@type\":\"Article\",\"@id\":\"https:\/\/scuolaromit.com\/es\/el-tiber-a-los-origenes-de-la-ciudad-de-roma\/#article\",\"isPartOf\":{\"@id\":\"https:\/\/scuolaromit.com\/es\/el-tiber-a-los-origenes-de-la-ciudad-de-roma\/\"},\"author\":{\"name\":\"scuolaromit\",\"@id\":\"https:\/\/scuolaromit.com\/fr\/#\/schema\/person\/4b236a84dc94303b142b56864d9823ec\"},\"headline\":\"El T\u00edber. A los or\u00edgenes de la ciudad de Roma\",\"datePublished\":\"2015-02-13T12:38:47+00:00\",\"dateModified\":\"2021-05-03T15:43:17+00:00\",\"mainEntityOfPage\":{\"@id\":\"https:\/\/scuolaromit.com\/es\/el-tiber-a-los-origenes-de-la-ciudad-de-roma\/\"},\"wordCount\":962,\"commentCount\":0,\"publisher\":{\"@id\":\"https:\/\/scuolaromit.com\/fr\/#organization\"},\"image\":{\"@id\":\"https:\/\/scuolaromit.com\/es\/el-tiber-a-los-origenes-de-la-ciudad-de-roma\/#primaryimage\"},\"thumbnailUrl\":\"http:\/\/www.scuolaromit.com\/esp\/wp-content\/uploads\/sites\/3\/2015\/01\/Vista-sul-tevere-550x359.jpg\",\"articleSection\":[\"Articulos ES\"],\"inLanguage\":\"es\",\"potentialAction\":[{\"@type\":\"CommentAction\",\"name\":\"Comment\",\"target\":[\"https:\/\/scuolaromit.com\/es\/el-tiber-a-los-origenes-de-la-ciudad-de-roma\/#respond\"]}]},{\"@type\":\"WebPage\",\"@id\":\"https:\/\/scuolaromit.com\/es\/el-tiber-a-los-origenes-de-la-ciudad-de-roma\/\",\"url\":\"https:\/\/scuolaromit.com\/es\/el-tiber-a-los-origenes-de-la-ciudad-de-roma\/\",\"name\":\"El T\u00edber. A los or\u00edgenes de la ciudad de Roma &#8211; Scuola Romit\",\"isPartOf\":{\"@id\":\"https:\/\/scuolaromit.com\/fr\/#website\"},\"primaryImageOfPage\":{\"@id\":\"https:\/\/scuolaromit.com\/es\/el-tiber-a-los-origenes-de-la-ciudad-de-roma\/#primaryimage\"},\"image\":{\"@id\":\"https:\/\/scuolaromit.com\/es\/el-tiber-a-los-origenes-de-la-ciudad-de-roma\/#primaryimage\"},\"thumbnailUrl\":\"http:\/\/www.scuolaromit.com\/esp\/wp-content\/uploads\/sites\/3\/2015\/01\/Vista-sul-tevere-550x359.jpg\",\"datePublished\":\"2015-02-13T12:38:47+00:00\",\"dateModified\":\"2021-05-03T15:43:17+00:00\",\"breadcrumb\":{\"@id\":\"https:\/\/scuolaromit.com\/es\/el-tiber-a-los-origenes-de-la-ciudad-de-roma\/#breadcrumb\"},\"inLanguage\":\"es\",\"potentialAction\":[{\"@type\":\"ReadAction\",\"target\":[\"https:\/\/scuolaromit.com\/es\/el-tiber-a-los-origenes-de-la-ciudad-de-roma\/\"]}]},{\"@type\":\"ImageObject\",\"inLanguage\":\"es\",\"@id\":\"https:\/\/scuolaromit.com\/es\/el-tiber-a-los-origenes-de-la-ciudad-de-roma\/#primaryimage\",\"url\":\"http:\/\/www.scuolaromit.com\/esp\/wp-content\/uploads\/sites\/3\/2015\/01\/Vista-sul-tevere-550x359.jpg\",\"contentUrl\":\"http:\/\/www.scuolaromit.com\/esp\/wp-content\/uploads\/sites\/3\/2015\/01\/Vista-sul-tevere-550x359.jpg\"},{\"@type\":\"BreadcrumbList\",\"@id\":\"https:\/\/scuolaromit.com\/es\/el-tiber-a-los-origenes-de-la-ciudad-de-roma\/#breadcrumb\",\"itemListElement\":[{\"@type\":\"ListItem\",\"position\":1,\"name\":\"Accueil\",\"item\":\"https:\/\/scuolaromit.com\/es\/\"},{\"@type\":\"ListItem\",\"position\":2,\"name\":\"El T\u00edber. A los or\u00edgenes de la ciudad de Roma\"}]},{\"@type\":\"WebSite\",\"@id\":\"https:\/\/scuolaromit.com\/fr\/#website\",\"url\":\"https:\/\/scuolaromit.com\/fr\/\",\"name\":\"Scuola Romit\",\"description\":\"La scuola per imparare l&#039;italiano vivendolo\",\"publisher\":{\"@id\":\"https:\/\/scuolaromit.com\/fr\/#organization\"},\"potentialAction\":[{\"@type\":\"SearchAction\",\"target\":{\"@type\":\"EntryPoint\",\"urlTemplate\":\"https:\/\/scuolaromit.com\/fr\/?s={search_term_string}\"},\"query-input\":{\"@type\":\"PropertyValueSpecification\",\"valueRequired\":true,\"valueName\":\"search_term_string\"}}],\"inLanguage\":\"es\"},{\"@type\":\"Organization\",\"@id\":\"https:\/\/scuolaromit.com\/fr\/#organization\",\"name\":\"Scuola Romit\",\"url\":\"https:\/\/scuolaromit.com\/fr\/\",\"logo\":{\"@type\":\"ImageObject\",\"inLanguage\":\"es\",\"@id\":\"https:\/\/scuolaromit.com\/fr\/#\/schema\/logo\/image\/\",\"url\":\"https:\/\/scuolaromit.com\/wp-content\/uploads\/2020\/07\/logo-1.jpg\",\"contentUrl\":\"https:\/\/scuolaromit.com\/wp-content\/uploads\/2020\/07\/logo-1.jpg\",\"width\":452,\"height\":152,\"caption\":\"Scuola Romit\"},\"image\":{\"@id\":\"https:\/\/scuolaromit.com\/fr\/#\/schema\/logo\/image\/\"},\"sameAs\":[\"https:\/\/www.facebook.com\/ScuolaRomit\",\"https:\/\/www.instagram.com\/scuolaromit\/\"]},{\"@type\":\"Person\",\"@id\":\"https:\/\/scuolaromit.com\/fr\/#\/schema\/person\/4b236a84dc94303b142b56864d9823ec\",\"name\":\"scuolaromit\",\"image\":{\"@type\":\"ImageObject\",\"inLanguage\":\"es\",\"@id\":\"https:\/\/scuolaromit.com\/fr\/#\/schema\/person\/image\/\",\"url\":\"https:\/\/secure.gravatar.com\/avatar\/363442ba35974175a79e19d11efcb05f3f78296827a7dfd49f84dd549f4144e9?s=96&d=mm&r=g\",\"contentUrl\":\"https:\/\/secure.gravatar.com\/avatar\/363442ba35974175a79e19d11efcb05f3f78296827a7dfd49f84dd549f4144e9?s=96&d=mm&r=g\",\"caption\":\"scuolaromit\"}}]}<\/script>\n<!-- \/ Yoast SEO plugin. -->","yoast_head_json":{"title":"El T\u00edber. A los or\u00edgenes de la ciudad de Roma &#8211; Scuola Romit","robots":{"index":"index","follow":"follow","max-snippet":"max-snippet:-1","max-image-preview":"max-image-preview:large","max-video-preview":"max-video-preview:-1"},"canonical":"https:\/\/scuolaromit.com\/es\/el-tiber-a-los-origenes-de-la-ciudad-de-roma\/","og_locale":"es_ES","og_type":"article","og_title":"El T\u00edber. A los or\u00edgenes de la ciudad de Roma &#8211; Scuola Romit","og_description":"Los r\u00edos representan, desde siempre, un elemento clave en el [...]","og_url":"https:\/\/scuolaromit.com\/es\/el-tiber-a-los-origenes-de-la-ciudad-de-roma\/","og_site_name":"Scuola Romit","article_publisher":"https:\/\/www.facebook.com\/ScuolaRomit","article_published_time":"2015-02-13T12:38:47+00:00","article_modified_time":"2021-05-03T15:43:17+00:00","og_image":[{"url":"http:\/\/www.scuolaromit.com\/esp\/wp-content\/uploads\/sites\/3\/2015\/01\/Vista-sul-tevere-550x359.jpg","type":"","width":"","height":""}],"author":"scuolaromit","twitter_card":"summary_large_image","twitter_misc":{"Escrito por":"scuolaromit","Tiempo de lectura":"5 minutos"},"schema":{"@context":"https:\/\/schema.org","@graph":[{"@type":"Article","@id":"https:\/\/scuolaromit.com\/es\/el-tiber-a-los-origenes-de-la-ciudad-de-roma\/#article","isPartOf":{"@id":"https:\/\/scuolaromit.com\/es\/el-tiber-a-los-origenes-de-la-ciudad-de-roma\/"},"author":{"name":"scuolaromit","@id":"https:\/\/scuolaromit.com\/fr\/#\/schema\/person\/4b236a84dc94303b142b56864d9823ec"},"headline":"El T\u00edber. A los or\u00edgenes de la ciudad de Roma","datePublished":"2015-02-13T12:38:47+00:00","dateModified":"2021-05-03T15:43:17+00:00","mainEntityOfPage":{"@id":"https:\/\/scuolaromit.com\/es\/el-tiber-a-los-origenes-de-la-ciudad-de-roma\/"},"wordCount":962,"commentCount":0,"publisher":{"@id":"https:\/\/scuolaromit.com\/fr\/#organization"},"image":{"@id":"https:\/\/scuolaromit.com\/es\/el-tiber-a-los-origenes-de-la-ciudad-de-roma\/#primaryimage"},"thumbnailUrl":"http:\/\/www.scuolaromit.com\/esp\/wp-content\/uploads\/sites\/3\/2015\/01\/Vista-sul-tevere-550x359.jpg","articleSection":["Articulos ES"],"inLanguage":"es","potentialAction":[{"@type":"CommentAction","name":"Comment","target":["https:\/\/scuolaromit.com\/es\/el-tiber-a-los-origenes-de-la-ciudad-de-roma\/#respond"]}]},{"@type":"WebPage","@id":"https:\/\/scuolaromit.com\/es\/el-tiber-a-los-origenes-de-la-ciudad-de-roma\/","url":"https:\/\/scuolaromit.com\/es\/el-tiber-a-los-origenes-de-la-ciudad-de-roma\/","name":"El T\u00edber. A los or\u00edgenes de la ciudad de Roma &#8211; Scuola Romit","isPartOf":{"@id":"https:\/\/scuolaromit.com\/fr\/#website"},"primaryImageOfPage":{"@id":"https:\/\/scuolaromit.com\/es\/el-tiber-a-los-origenes-de-la-ciudad-de-roma\/#primaryimage"},"image":{"@id":"https:\/\/scuolaromit.com\/es\/el-tiber-a-los-origenes-de-la-ciudad-de-roma\/#primaryimage"},"thumbnailUrl":"http:\/\/www.scuolaromit.com\/esp\/wp-content\/uploads\/sites\/3\/2015\/01\/Vista-sul-tevere-550x359.jpg","datePublished":"2015-02-13T12:38:47+00:00","dateModified":"2021-05-03T15:43:17+00:00","breadcrumb":{"@id":"https:\/\/scuolaromit.com\/es\/el-tiber-a-los-origenes-de-la-ciudad-de-roma\/#breadcrumb"},"inLanguage":"es","potentialAction":[{"@type":"ReadAction","target":["https:\/\/scuolaromit.com\/es\/el-tiber-a-los-origenes-de-la-ciudad-de-roma\/"]}]},{"@type":"ImageObject","inLanguage":"es","@id":"https:\/\/scuolaromit.com\/es\/el-tiber-a-los-origenes-de-la-ciudad-de-roma\/#primaryimage","url":"http:\/\/www.scuolaromit.com\/esp\/wp-content\/uploads\/sites\/3\/2015\/01\/Vista-sul-tevere-550x359.jpg","contentUrl":"http:\/\/www.scuolaromit.com\/esp\/wp-content\/uploads\/sites\/3\/2015\/01\/Vista-sul-tevere-550x359.jpg"},{"@type":"BreadcrumbList","@id":"https:\/\/scuolaromit.com\/es\/el-tiber-a-los-origenes-de-la-ciudad-de-roma\/#breadcrumb","itemListElement":[{"@type":"ListItem","position":1,"name":"Accueil","item":"https:\/\/scuolaromit.com\/es\/"},{"@type":"ListItem","position":2,"name":"El T\u00edber. A los or\u00edgenes de la ciudad de Roma"}]},{"@type":"WebSite","@id":"https:\/\/scuolaromit.com\/fr\/#website","url":"https:\/\/scuolaromit.com\/fr\/","name":"Scuola Romit","description":"La scuola per imparare l&#039;italiano vivendolo","publisher":{"@id":"https:\/\/scuolaromit.com\/fr\/#organization"},"potentialAction":[{"@type":"SearchAction","target":{"@type":"EntryPoint","urlTemplate":"https:\/\/scuolaromit.com\/fr\/?s={search_term_string}"},"query-input":{"@type":"PropertyValueSpecification","valueRequired":true,"valueName":"search_term_string"}}],"inLanguage":"es"},{"@type":"Organization","@id":"https:\/\/scuolaromit.com\/fr\/#organization","name":"Scuola Romit","url":"https:\/\/scuolaromit.com\/fr\/","logo":{"@type":"ImageObject","inLanguage":"es","@id":"https:\/\/scuolaromit.com\/fr\/#\/schema\/logo\/image\/","url":"https:\/\/scuolaromit.com\/wp-content\/uploads\/2020\/07\/logo-1.jpg","contentUrl":"https:\/\/scuolaromit.com\/wp-content\/uploads\/2020\/07\/logo-1.jpg","width":452,"height":152,"caption":"Scuola Romit"},"image":{"@id":"https:\/\/scuolaromit.com\/fr\/#\/schema\/logo\/image\/"},"sameAs":["https:\/\/www.facebook.com\/ScuolaRomit","https:\/\/www.instagram.com\/scuolaromit\/"]},{"@type":"Person","@id":"https:\/\/scuolaromit.com\/fr\/#\/schema\/person\/4b236a84dc94303b142b56864d9823ec","name":"scuolaromit","image":{"@type":"ImageObject","inLanguage":"es","@id":"https:\/\/scuolaromit.com\/fr\/#\/schema\/person\/image\/","url":"https:\/\/secure.gravatar.com\/avatar\/363442ba35974175a79e19d11efcb05f3f78296827a7dfd49f84dd549f4144e9?s=96&d=mm&r=g","contentUrl":"https:\/\/secure.gravatar.com\/avatar\/363442ba35974175a79e19d11efcb05f3f78296827a7dfd49f84dd549f4144e9?s=96&d=mm&r=g","caption":"scuolaromit"}}]}},"_links":{"self":[{"href":"https:\/\/scuolaromit.com\/es\/wp-json\/wp\/v2\/posts\/2534","targetHints":{"allow":["GET"]}}],"collection":[{"href":"https:\/\/scuolaromit.com\/es\/wp-json\/wp\/v2\/posts"}],"about":[{"href":"https:\/\/scuolaromit.com\/es\/wp-json\/wp\/v2\/types\/post"}],"author":[{"embeddable":true,"href":"https:\/\/scuolaromit.com\/es\/wp-json\/wp\/v2\/users\/3"}],"replies":[{"embeddable":true,"href":"https:\/\/scuolaromit.com\/es\/wp-json\/wp\/v2\/comments?post=2534"}],"version-history":[{"count":4,"href":"https:\/\/scuolaromit.com\/es\/wp-json\/wp\/v2\/posts\/2534\/revisions"}],"predecessor-version":[{"id":3811,"href":"https:\/\/scuolaromit.com\/es\/wp-json\/wp\/v2\/posts\/2534\/revisions\/3811"}],"wp:attachment":[{"href":"https:\/\/scuolaromit.com\/es\/wp-json\/wp\/v2\/media?parent=2534"}],"wp:term":[{"taxonomy":"category","embeddable":true,"href":"https:\/\/scuolaromit.com\/es\/wp-json\/wp\/v2\/categories?post=2534"},{"taxonomy":"post_tag","embeddable":true,"href":"https:\/\/scuolaromit.com\/es\/wp-json\/wp\/v2\/tags?post=2534"}],"curies":[{"name":"wp","href":"https:\/\/api.w.org\/{rel}","templated":true}]}}