{"id":2524,"date":"2014-12-29T09:00:04","date_gmt":"2014-12-29T08:00:04","guid":{"rendered":"http:\/\/www.scuolaromit.it\/articoli\/?p=174"},"modified":"2021-05-03T17:49:40","modified_gmt":"2021-05-03T15:49:40","slug":"el-museo-del-ara-pacis-y-la-exposicion-sobre-henri-cartier-bresson","status":"publish","type":"post","link":"https:\/\/scuolaromit.com\/es\/el-museo-del-ara-pacis-y-la-exposicion-sobre-henri-cartier-bresson\/","title":{"rendered":"El museo del ARA PACIS y la exposici\u00f3n  sobre Henri Cartier \u2013 Bresson"},"content":{"rendered":"<p>Si ya han dado una vuelta andando o en coche por el Lungotevere (una de las calles m\u00e1s transitadas de Roma), seguro que habr\u00e1n visto una gran estructura blanca, sencilla y linear, que aloja en su interior un imponente altar romano. \u00bfSe han dado cuenta? Se trata del <strong>museo del Ara Pacis<\/strong>, realizado en cristal, acero y travertino por el arquitecto americano <strong>Richard Meier<\/strong> en 2006, que contiene el \u201cAra Pacis\u201d.<\/p>\n<p><img decoding=\"async\" class=\"aligncenter size-large wp-image-135\" src=\"http:\/\/www.scuolaromit.com\/wp-content\/uploads\/sites\/3\/2014\/12\/Augusto-550x494.jpg\" alt=\"Augusto\" width=\"550\" height=\"493\" \/><\/p>\n<p>Esto es un altar que el <strong>Emperador Augusto<\/strong>, en el a\u00f1o 9 a.C., construy\u00f3 en la zona de Campo Marzio dedicado a la paz y la prosperidad alcanzada en su \u00e9poca. Con el paso del tiempo, el nivel de la zona subi\u00f3 hasta sumergir el gran altar de Augusto, que comenz\u00f3 a emerger durante unas excavaciones iniciadas a finales de 1500 y completadas mucho m\u00e1s tarde, en los primeros a\u00f1os del 1900. El altar combina elementos de arte cl\u00e1sico, griego y romano, y presenta una serie de complejas representaciones muy interesantes de observar de cerca.<\/p>\n<p>Desde hace unos a\u00f1os el museo tambi\u00e9n organiza peri\u00f3dicamente eventos y exposiciones importantes de arte, moda y fotograf\u00eda. Actualmente, si le apetece dar una vuelta por esa zona durante uno de sus paseos descubriendo Roma, pueden ir a visitar la exposici\u00f3n sobre el famoso fot\u00f3grafo franc\u00e9s <strong>Henri Cartier \u2013 Bresson<\/strong> que viene directamente desde el Centre Pompidou de Paris y se quedar\u00e1 <strong>hasta el 25 de enero 2015<\/strong>.<\/p>\n<p>Podr\u00e1n sumergirse en el mundo de uno de los mejores fot\u00f3grafos del siglo XX, que viaj\u00f3 much\u00edsimo y vivi\u00f3 \u00e9pocas y momentos hist\u00f3ricos de gran importancia, como la Guerra Fr\u00eda, el Surrealismo, la Guerra Civil Espa\u00f1ola y la Segunda Guerra Mundial, cont\u00e1ndolos todos de forma profunda y po\u00e9tica. Podr\u00e1n entrar en su forma muy particular de ver la realidad que lo rodea y de representar los momentos aparentemente m\u00e1s banales pero muy significativos. Est\u00e1n expuestas fotograf\u00edas, dise\u00f1os, pel\u00edculas y documentos que permiten apreciar totalmente este gran fot\u00f3grafo, en una exposici\u00f3n realizada en un contexto de gran inter\u00e9s y encanto, que merece la pena visitar en su periodo de estudios en Roma.<\/p>\n<p>Una vez que hayan salido de la exposici\u00f3n, seguro le entrar\u00e1n ganas de coger su c\u00e1mara fotogr\u00e1fica y pasear haciendo fotos a momentos y personas de su periodo de estancia en Roma. \u00bfHan notado, entre otras cosas, la luz m\u00e1s maravillosa que hay en oto\u00f1o en la Capital? A Cartier \u2013 Bresson seguro no se le escapar\u00eda, pero para \u00e9l \u00a1incluso los inevitables d\u00edas de lluvia ten\u00edan mucho encanto!<\/p>\n<p><img decoding=\"async\" class=\"aligncenter size-large wp-image-134\" src=\"http:\/\/www.scuolaromit.com\/wp-content\/uploads\/sites\/3\/2014\/12\/Bresson-Ara-Pacis-550x253.jpg\" alt=\"Bresson - Ara Pacis\" width=\"550\" height=\"252\" \/><\/p>\n","protected":false},"excerpt":{"rendered":"<p>Si ya han dado una vuelta andando o en coche  [&#8230;]<\/p>\n","protected":false},"author":3,"featured_media":0,"comment_status":"open","ping_status":"open","sticky":false,"template":"","format":"standard","meta":{"footnotes":""},"categories":[55],"tags":[],"class_list":["post-2524","post","type-post","status-publish","format-standard","hentry","category-articulos-es"],"yoast_head":"<!-- This site is optimized with the Yoast SEO plugin v26.5 - https:\/\/yoast.com\/wordpress\/plugins\/seo\/ -->\n<title>El museo del ARA PACIS y la exposici\u00f3n sobre Henri Cartier \u2013 Bresson &#8211; Scuola Romit<\/title>\n<meta name=\"robots\" content=\"index, follow, max-snippet:-1, max-image-preview:large, max-video-preview:-1\" \/>\n<link rel=\"canonical\" href=\"https:\/\/scuolaromit.com\/es\/el-museo-del-ara-pacis-y-la-exposicion-sobre-henri-cartier-bresson\/\" \/>\n<meta property=\"og:locale\" content=\"es_ES\" \/>\n<meta property=\"og:type\" content=\"article\" \/>\n<meta property=\"og:title\" content=\"El museo del ARA PACIS y la exposici\u00f3n sobre Henri Cartier \u2013 Bresson &#8211; Scuola Romit\" \/>\n<meta property=\"og:description\" content=\"Si ya han dado una vuelta andando o en coche [...]\" \/>\n<meta property=\"og:url\" content=\"https:\/\/scuolaromit.com\/es\/el-museo-del-ara-pacis-y-la-exposicion-sobre-henri-cartier-bresson\/\" \/>\n<meta property=\"og:site_name\" content=\"Scuola Romit\" \/>\n<meta property=\"article:publisher\" content=\"https:\/\/www.facebook.com\/ScuolaRomit\" \/>\n<meta property=\"article:published_time\" content=\"2014-12-29T08:00:04+00:00\" \/>\n<meta property=\"article:modified_time\" content=\"2021-05-03T15:49:40+00:00\" \/>\n<meta property=\"og:image\" content=\"http:\/\/www.scuolaromit.com\/wp-content\/uploads\/sites\/3\/2014\/12\/Augusto-550x494.jpg\" \/>\n<meta name=\"author\" content=\"scuolaromit\" \/>\n<meta name=\"twitter:card\" content=\"summary_large_image\" \/>\n<meta name=\"twitter:label1\" content=\"Escrito por\" \/>\n\t<meta name=\"twitter:data1\" content=\"scuolaromit\" \/>\n\t<meta name=\"twitter:label2\" content=\"Tiempo de lectura\" \/>\n\t<meta name=\"twitter:data2\" content=\"2 minutos\" \/>\n<script type=\"application\/ld+json\" class=\"yoast-schema-graph\">{\"@context\":\"https:\/\/schema.org\",\"@graph\":[{\"@type\":\"Article\",\"@id\":\"https:\/\/scuolaromit.com\/es\/el-museo-del-ara-pacis-y-la-exposicion-sobre-henri-cartier-bresson\/#article\",\"isPartOf\":{\"@id\":\"https:\/\/scuolaromit.com\/es\/el-museo-del-ara-pacis-y-la-exposicion-sobre-henri-cartier-bresson\/\"},\"author\":{\"name\":\"scuolaromit\",\"@id\":\"https:\/\/scuolaromit.com\/fr\/#\/schema\/person\/4b236a84dc94303b142b56864d9823ec\"},\"headline\":\"El museo del ARA PACIS y la exposici\u00f3n sobre Henri Cartier \u2013 Bresson\",\"datePublished\":\"2014-12-29T08:00:04+00:00\",\"dateModified\":\"2021-05-03T15:49:40+00:00\",\"mainEntityOfPage\":{\"@id\":\"https:\/\/scuolaromit.com\/es\/el-museo-del-ara-pacis-y-la-exposicion-sobre-henri-cartier-bresson\/\"},\"wordCount\":459,\"commentCount\":0,\"publisher\":{\"@id\":\"https:\/\/scuolaromit.com\/fr\/#organization\"},\"image\":{\"@id\":\"https:\/\/scuolaromit.com\/es\/el-museo-del-ara-pacis-y-la-exposicion-sobre-henri-cartier-bresson\/#primaryimage\"},\"thumbnailUrl\":\"http:\/\/www.scuolaromit.com\/wp-content\/uploads\/sites\/3\/2014\/12\/Augusto-550x494.jpg\",\"articleSection\":[\"Articulos ES\"],\"inLanguage\":\"es\",\"potentialAction\":[{\"@type\":\"CommentAction\",\"name\":\"Comment\",\"target\":[\"https:\/\/scuolaromit.com\/es\/el-museo-del-ara-pacis-y-la-exposicion-sobre-henri-cartier-bresson\/#respond\"]}]},{\"@type\":\"WebPage\",\"@id\":\"https:\/\/scuolaromit.com\/es\/el-museo-del-ara-pacis-y-la-exposicion-sobre-henri-cartier-bresson\/\",\"url\":\"https:\/\/scuolaromit.com\/es\/el-museo-del-ara-pacis-y-la-exposicion-sobre-henri-cartier-bresson\/\",\"name\":\"El museo del ARA PACIS y la exposici\u00f3n sobre Henri Cartier \u2013 Bresson &#8211; Scuola Romit\",\"isPartOf\":{\"@id\":\"https:\/\/scuolaromit.com\/fr\/#website\"},\"primaryImageOfPage\":{\"@id\":\"https:\/\/scuolaromit.com\/es\/el-museo-del-ara-pacis-y-la-exposicion-sobre-henri-cartier-bresson\/#primaryimage\"},\"image\":{\"@id\":\"https:\/\/scuolaromit.com\/es\/el-museo-del-ara-pacis-y-la-exposicion-sobre-henri-cartier-bresson\/#primaryimage\"},\"thumbnailUrl\":\"http:\/\/www.scuolaromit.com\/wp-content\/uploads\/sites\/3\/2014\/12\/Augusto-550x494.jpg\",\"datePublished\":\"2014-12-29T08:00:04+00:00\",\"dateModified\":\"2021-05-03T15:49:40+00:00\",\"breadcrumb\":{\"@id\":\"https:\/\/scuolaromit.com\/es\/el-museo-del-ara-pacis-y-la-exposicion-sobre-henri-cartier-bresson\/#breadcrumb\"},\"inLanguage\":\"es\",\"potentialAction\":[{\"@type\":\"ReadAction\",\"target\":[\"https:\/\/scuolaromit.com\/es\/el-museo-del-ara-pacis-y-la-exposicion-sobre-henri-cartier-bresson\/\"]}]},{\"@type\":\"ImageObject\",\"inLanguage\":\"es\",\"@id\":\"https:\/\/scuolaromit.com\/es\/el-museo-del-ara-pacis-y-la-exposicion-sobre-henri-cartier-bresson\/#primaryimage\",\"url\":\"http:\/\/www.scuolaromit.com\/wp-content\/uploads\/sites\/3\/2014\/12\/Augusto-550x494.jpg\",\"contentUrl\":\"http:\/\/www.scuolaromit.com\/wp-content\/uploads\/sites\/3\/2014\/12\/Augusto-550x494.jpg\"},{\"@type\":\"BreadcrumbList\",\"@id\":\"https:\/\/scuolaromit.com\/es\/el-museo-del-ara-pacis-y-la-exposicion-sobre-henri-cartier-bresson\/#breadcrumb\",\"itemListElement\":[{\"@type\":\"ListItem\",\"position\":1,\"name\":\"Accueil\",\"item\":\"https:\/\/scuolaromit.com\/es\/\"},{\"@type\":\"ListItem\",\"position\":2,\"name\":\"El museo del ARA PACIS y la exposici\u00f3n sobre Henri Cartier \u2013 Bresson\"}]},{\"@type\":\"WebSite\",\"@id\":\"https:\/\/scuolaromit.com\/fr\/#website\",\"url\":\"https:\/\/scuolaromit.com\/fr\/\",\"name\":\"Scuola Romit\",\"description\":\"La scuola per imparare l&#039;italiano vivendolo\",\"publisher\":{\"@id\":\"https:\/\/scuolaromit.com\/fr\/#organization\"},\"potentialAction\":[{\"@type\":\"SearchAction\",\"target\":{\"@type\":\"EntryPoint\",\"urlTemplate\":\"https:\/\/scuolaromit.com\/fr\/?s={search_term_string}\"},\"query-input\":{\"@type\":\"PropertyValueSpecification\",\"valueRequired\":true,\"valueName\":\"search_term_string\"}}],\"inLanguage\":\"es\"},{\"@type\":\"Organization\",\"@id\":\"https:\/\/scuolaromit.com\/fr\/#organization\",\"name\":\"Scuola Romit\",\"url\":\"https:\/\/scuolaromit.com\/fr\/\",\"logo\":{\"@type\":\"ImageObject\",\"inLanguage\":\"es\",\"@id\":\"https:\/\/scuolaromit.com\/fr\/#\/schema\/logo\/image\/\",\"url\":\"https:\/\/scuolaromit.com\/wp-content\/uploads\/2020\/07\/logo-1.jpg\",\"contentUrl\":\"https:\/\/scuolaromit.com\/wp-content\/uploads\/2020\/07\/logo-1.jpg\",\"width\":452,\"height\":152,\"caption\":\"Scuola Romit\"},\"image\":{\"@id\":\"https:\/\/scuolaromit.com\/fr\/#\/schema\/logo\/image\/\"},\"sameAs\":[\"https:\/\/www.facebook.com\/ScuolaRomit\",\"https:\/\/www.instagram.com\/scuolaromit\/\"]},{\"@type\":\"Person\",\"@id\":\"https:\/\/scuolaromit.com\/fr\/#\/schema\/person\/4b236a84dc94303b142b56864d9823ec\",\"name\":\"scuolaromit\",\"image\":{\"@type\":\"ImageObject\",\"inLanguage\":\"es\",\"@id\":\"https:\/\/scuolaromit.com\/fr\/#\/schema\/person\/image\/\",\"url\":\"https:\/\/secure.gravatar.com\/avatar\/363442ba35974175a79e19d11efcb05f3f78296827a7dfd49f84dd549f4144e9?s=96&d=mm&r=g\",\"contentUrl\":\"https:\/\/secure.gravatar.com\/avatar\/363442ba35974175a79e19d11efcb05f3f78296827a7dfd49f84dd549f4144e9?s=96&d=mm&r=g\",\"caption\":\"scuolaromit\"}}]}<\/script>\n<!-- \/ Yoast SEO plugin. -->","yoast_head_json":{"title":"El museo del ARA PACIS y la exposici\u00f3n sobre Henri Cartier \u2013 Bresson &#8211; Scuola Romit","robots":{"index":"index","follow":"follow","max-snippet":"max-snippet:-1","max-image-preview":"max-image-preview:large","max-video-preview":"max-video-preview:-1"},"canonical":"https:\/\/scuolaromit.com\/es\/el-museo-del-ara-pacis-y-la-exposicion-sobre-henri-cartier-bresson\/","og_locale":"es_ES","og_type":"article","og_title":"El museo del ARA PACIS y la exposici\u00f3n sobre Henri Cartier \u2013 Bresson &#8211; Scuola Romit","og_description":"Si ya han dado una vuelta andando o en coche [...]","og_url":"https:\/\/scuolaromit.com\/es\/el-museo-del-ara-pacis-y-la-exposicion-sobre-henri-cartier-bresson\/","og_site_name":"Scuola Romit","article_publisher":"https:\/\/www.facebook.com\/ScuolaRomit","article_published_time":"2014-12-29T08:00:04+00:00","article_modified_time":"2021-05-03T15:49:40+00:00","og_image":[{"url":"http:\/\/www.scuolaromit.com\/wp-content\/uploads\/sites\/3\/2014\/12\/Augusto-550x494.jpg","type":"","width":"","height":""}],"author":"scuolaromit","twitter_card":"summary_large_image","twitter_misc":{"Escrito por":"scuolaromit","Tiempo de lectura":"2 minutos"},"schema":{"@context":"https:\/\/schema.org","@graph":[{"@type":"Article","@id":"https:\/\/scuolaromit.com\/es\/el-museo-del-ara-pacis-y-la-exposicion-sobre-henri-cartier-bresson\/#article","isPartOf":{"@id":"https:\/\/scuolaromit.com\/es\/el-museo-del-ara-pacis-y-la-exposicion-sobre-henri-cartier-bresson\/"},"author":{"name":"scuolaromit","@id":"https:\/\/scuolaromit.com\/fr\/#\/schema\/person\/4b236a84dc94303b142b56864d9823ec"},"headline":"El museo del ARA PACIS y la exposici\u00f3n sobre Henri Cartier \u2013 Bresson","datePublished":"2014-12-29T08:00:04+00:00","dateModified":"2021-05-03T15:49:40+00:00","mainEntityOfPage":{"@id":"https:\/\/scuolaromit.com\/es\/el-museo-del-ara-pacis-y-la-exposicion-sobre-henri-cartier-bresson\/"},"wordCount":459,"commentCount":0,"publisher":{"@id":"https:\/\/scuolaromit.com\/fr\/#organization"},"image":{"@id":"https:\/\/scuolaromit.com\/es\/el-museo-del-ara-pacis-y-la-exposicion-sobre-henri-cartier-bresson\/#primaryimage"},"thumbnailUrl":"http:\/\/www.scuolaromit.com\/wp-content\/uploads\/sites\/3\/2014\/12\/Augusto-550x494.jpg","articleSection":["Articulos ES"],"inLanguage":"es","potentialAction":[{"@type":"CommentAction","name":"Comment","target":["https:\/\/scuolaromit.com\/es\/el-museo-del-ara-pacis-y-la-exposicion-sobre-henri-cartier-bresson\/#respond"]}]},{"@type":"WebPage","@id":"https:\/\/scuolaromit.com\/es\/el-museo-del-ara-pacis-y-la-exposicion-sobre-henri-cartier-bresson\/","url":"https:\/\/scuolaromit.com\/es\/el-museo-del-ara-pacis-y-la-exposicion-sobre-henri-cartier-bresson\/","name":"El museo del ARA PACIS y la exposici\u00f3n sobre Henri Cartier \u2013 Bresson &#8211; Scuola Romit","isPartOf":{"@id":"https:\/\/scuolaromit.com\/fr\/#website"},"primaryImageOfPage":{"@id":"https:\/\/scuolaromit.com\/es\/el-museo-del-ara-pacis-y-la-exposicion-sobre-henri-cartier-bresson\/#primaryimage"},"image":{"@id":"https:\/\/scuolaromit.com\/es\/el-museo-del-ara-pacis-y-la-exposicion-sobre-henri-cartier-bresson\/#primaryimage"},"thumbnailUrl":"http:\/\/www.scuolaromit.com\/wp-content\/uploads\/sites\/3\/2014\/12\/Augusto-550x494.jpg","datePublished":"2014-12-29T08:00:04+00:00","dateModified":"2021-05-03T15:49:40+00:00","breadcrumb":{"@id":"https:\/\/scuolaromit.com\/es\/el-museo-del-ara-pacis-y-la-exposicion-sobre-henri-cartier-bresson\/#breadcrumb"},"inLanguage":"es","potentialAction":[{"@type":"ReadAction","target":["https:\/\/scuolaromit.com\/es\/el-museo-del-ara-pacis-y-la-exposicion-sobre-henri-cartier-bresson\/"]}]},{"@type":"ImageObject","inLanguage":"es","@id":"https:\/\/scuolaromit.com\/es\/el-museo-del-ara-pacis-y-la-exposicion-sobre-henri-cartier-bresson\/#primaryimage","url":"http:\/\/www.scuolaromit.com\/wp-content\/uploads\/sites\/3\/2014\/12\/Augusto-550x494.jpg","contentUrl":"http:\/\/www.scuolaromit.com\/wp-content\/uploads\/sites\/3\/2014\/12\/Augusto-550x494.jpg"},{"@type":"BreadcrumbList","@id":"https:\/\/scuolaromit.com\/es\/el-museo-del-ara-pacis-y-la-exposicion-sobre-henri-cartier-bresson\/#breadcrumb","itemListElement":[{"@type":"ListItem","position":1,"name":"Accueil","item":"https:\/\/scuolaromit.com\/es\/"},{"@type":"ListItem","position":2,"name":"El museo del ARA PACIS y la exposici\u00f3n sobre Henri Cartier \u2013 Bresson"}]},{"@type":"WebSite","@id":"https:\/\/scuolaromit.com\/fr\/#website","url":"https:\/\/scuolaromit.com\/fr\/","name":"Scuola Romit","description":"La scuola per imparare l&#039;italiano vivendolo","publisher":{"@id":"https:\/\/scuolaromit.com\/fr\/#organization"},"potentialAction":[{"@type":"SearchAction","target":{"@type":"EntryPoint","urlTemplate":"https:\/\/scuolaromit.com\/fr\/?s={search_term_string}"},"query-input":{"@type":"PropertyValueSpecification","valueRequired":true,"valueName":"search_term_string"}}],"inLanguage":"es"},{"@type":"Organization","@id":"https:\/\/scuolaromit.com\/fr\/#organization","name":"Scuola Romit","url":"https:\/\/scuolaromit.com\/fr\/","logo":{"@type":"ImageObject","inLanguage":"es","@id":"https:\/\/scuolaromit.com\/fr\/#\/schema\/logo\/image\/","url":"https:\/\/scuolaromit.com\/wp-content\/uploads\/2020\/07\/logo-1.jpg","contentUrl":"https:\/\/scuolaromit.com\/wp-content\/uploads\/2020\/07\/logo-1.jpg","width":452,"height":152,"caption":"Scuola Romit"},"image":{"@id":"https:\/\/scuolaromit.com\/fr\/#\/schema\/logo\/image\/"},"sameAs":["https:\/\/www.facebook.com\/ScuolaRomit","https:\/\/www.instagram.com\/scuolaromit\/"]},{"@type":"Person","@id":"https:\/\/scuolaromit.com\/fr\/#\/schema\/person\/4b236a84dc94303b142b56864d9823ec","name":"scuolaromit","image":{"@type":"ImageObject","inLanguage":"es","@id":"https:\/\/scuolaromit.com\/fr\/#\/schema\/person\/image\/","url":"https:\/\/secure.gravatar.com\/avatar\/363442ba35974175a79e19d11efcb05f3f78296827a7dfd49f84dd549f4144e9?s=96&d=mm&r=g","contentUrl":"https:\/\/secure.gravatar.com\/avatar\/363442ba35974175a79e19d11efcb05f3f78296827a7dfd49f84dd549f4144e9?s=96&d=mm&r=g","caption":"scuolaromit"}}]}},"_links":{"self":[{"href":"https:\/\/scuolaromit.com\/es\/wp-json\/wp\/v2\/posts\/2524","targetHints":{"allow":["GET"]}}],"collection":[{"href":"https:\/\/scuolaromit.com\/es\/wp-json\/wp\/v2\/posts"}],"about":[{"href":"https:\/\/scuolaromit.com\/es\/wp-json\/wp\/v2\/types\/post"}],"author":[{"embeddable":true,"href":"https:\/\/scuolaromit.com\/es\/wp-json\/wp\/v2\/users\/3"}],"replies":[{"embeddable":true,"href":"https:\/\/scuolaromit.com\/es\/wp-json\/wp\/v2\/comments?post=2524"}],"version-history":[{"count":3,"href":"https:\/\/scuolaromit.com\/es\/wp-json\/wp\/v2\/posts\/2524\/revisions"}],"predecessor-version":[{"id":3824,"href":"https:\/\/scuolaromit.com\/es\/wp-json\/wp\/v2\/posts\/2524\/revisions\/3824"}],"wp:attachment":[{"href":"https:\/\/scuolaromit.com\/es\/wp-json\/wp\/v2\/media?parent=2524"}],"wp:term":[{"taxonomy":"category","embeddable":true,"href":"https:\/\/scuolaromit.com\/es\/wp-json\/wp\/v2\/categories?post=2524"},{"taxonomy":"post_tag","embeddable":true,"href":"https:\/\/scuolaromit.com\/es\/wp-json\/wp\/v2\/tags?post=2524"}],"curies":[{"name":"wp","href":"https:\/\/api.w.org\/{rel}","templated":true}]}}