{"id":2516,"date":"2014-12-21T09:30:16","date_gmt":"2014-12-21T08:30:16","guid":{"rendered":"http:\/\/www.scuolaromit.it\/articoli\/?p=110"},"modified":"2021-05-03T17:53:41","modified_gmt":"2021-05-03T15:53:41","slug":"vamos-a-la-exposicion-de-escher-al-claustro-de-bramante","status":"publish","type":"post","link":"https:\/\/scuolaromit.com\/es\/vamos-a-la-exposicion-de-escher-al-claustro-de-bramante\/","title":{"rendered":"Vamos a la exposici\u00f3n de Escher al Claustro de Bramante"},"content":{"rendered":"<p>\u00bfCu\u00e1ntos de ustedes conocen <strong>Piazza Navona<\/strong>? Pr\u00e1cticamente todos, ya que es una de las plazas m\u00e1s famosas y fascinantes de la ciudad. Despu\u00e9s de dar un paseo por este lugar, que nos regala en todo momento diferentes sensaciones, nos alejamos pero no demasiado, y llegamos a una placita lateral donde se encuentra la iglesia de <strong>Santa Maria della Pace<\/strong>, con su maravillosa fachada convexa y el contiguo <strong>Claustro de Bramante<\/strong>. Aqu\u00ed, desde hace algunos a\u00f1os, organizan exposiciones de arte interesantes, que vale la pena ver aunque s\u00f3lo sea por el impresionante lugar que las acoge.<\/p>\n<p><img decoding=\"async\" class=\"aligncenter size-full wp-image-59\" src=\"http:\/\/www.scuolaromit.com\/esp\/wp-content\/uploads\/sites\/3\/2014\/11\/mostra-di-escher-a-roma-2014.png\" alt=\"mostra di escher a roma - 2014\" width=\"550\" height=\"372\" \/><\/p>\n<p>En este per\u00edodo &#8211; <strong>desde el 22 de Septiembre hasta el 22 de Febrero<\/strong> &#8211; es posible ir al Claustro de Bramante para admirar la exposici\u00f3n sobre el genial grabador y brillante artista gr\u00e1fico holand\u00e9s <strong>Maurits Cornelio Escher<\/strong>. El artista, adem\u00e1s, vivi\u00f3 muchos a\u00f1os en Italia y estaba profundamente fascinado e influenciado por el paisaje natural y arquitect\u00f3nico italiano. <strong>Su amor por Italia<\/strong> caracteriz\u00f3 gran parte de la obra de Escher, gracias tambi\u00e9n, a su extraordinaria capacidad de observaci\u00f3n, capaz de capturar cada peque\u00f1o detalle y convertirlo en belleza. Encontramos expuestas muchas obras que el artista realiz\u00f3 en los pueblos del sur de Italia (principalmente en Campania, Sicilia, Abruzzo y Molise), muchos en Toscana (por ejemplo, la obra \u00abTejados de Siena\u00bb) y muchos en Roma (hermosa la \u00f3pera Roma Nocturna: Coliseo) donde el artista vivi\u00f3 durante muchos a\u00f1os en el barrio de Monteverde Vecchio.<\/p>\n<p>La exposici\u00f3n comienza con el recorrido italiano de Escher y a continuaci\u00f3n se extiende a un itinerario, que se ampl\u00eda a otros paises europeos, a la cultura <strong><em>Art Nouveau<\/em><\/strong> de la cual el artista fue muy influenciado, <strong>la psicolog\u00eda, las leyes de la percepci\u00f3n visual, la geometr\u00eda, la cristalograf\u00eda y las matem\u00e1ticas<\/strong>. Gracias tambi\u00e9n al audiogu\u00eda multiling\u00fce, que se le dar\u00e1 a la entrada es posible sumergirse en el brillante mundo de Escher y en sus perspectivas alienantes que cuestionan nuestras convicciones. Ustedes se quedar\u00e1n fascinados contemplando sus cuadros en b\u00fasqueda de un sentido y de la interpretaci\u00f3n correcta, que en realidad no existe.<\/p>\n<div id=\"attachment_60\" style=\"width: 560px\" class=\"wp-caption aligncenter\"><img decoding=\"async\" aria-describedby=\"caption-attachment-60\" class=\"size-large wp-image-60\" src=\"http:\/\/www.scuolaromit.com\/wp-content\/uploads\/sites\/3\/2014\/11\/escher-relativita-550x413.jpg\" alt=\"M.C. Escher, Relativit\u00e0, Litografia, 1953.\" width=\"550\" height=\"412\" \/><p id=\"caption-attachment-60\" class=\"wp-caption-text\">M.C. Escher, Relativit\u00e0, Litografia, 1953.<\/p><\/div>\n<p>La exposici\u00f3n tambi\u00e9n ofrece diversas oportunidades para la interactividad, que permiten experimentar en primera persona el mundo de Escher: ustedes pueden probar las leyes de la percepci\u00f3n visual de la Gestalt que Escher emplea en sus geniale obras. Es posible entrar en una habitaci\u00f3n-espejo donde sacar fotograf\u00edas y convertirse en protagonistas de la experiencia Escher y hay una variedad de juego donde ponerse a prueba con diferentes perspectivas, espacio y forma.<\/p>\n<p>Una exposici\u00f3n maravillosa que les sugerimos, para vivir Roma y descubrir un artista brillante que tanto am\u00f3 la Ciudad Eterna e Italia.<\/p>\n","protected":false},"excerpt":{"rendered":"<p>\u00bfCu\u00e1ntos de ustedes conocen Piazza Navona? Pr\u00e1cticamente todos, ya que  [&#8230;]<\/p>\n","protected":false},"author":3,"featured_media":0,"comment_status":"open","ping_status":"open","sticky":false,"template":"","format":"standard","meta":{"footnotes":""},"categories":[55],"tags":[],"class_list":["post-2516","post","type-post","status-publish","format-standard","hentry","category-articulos-es"],"yoast_head":"<!-- This site is optimized with the Yoast SEO plugin v26.5 - https:\/\/yoast.com\/wordpress\/plugins\/seo\/ -->\n<title>Vamos a la exposici\u00f3n de Escher al Claustro de Bramante &#8211; Scuola Romit<\/title>\n<meta name=\"robots\" content=\"index, follow, max-snippet:-1, max-image-preview:large, max-video-preview:-1\" \/>\n<link rel=\"canonical\" href=\"https:\/\/scuolaromit.com\/es\/vamos-a-la-exposicion-de-escher-al-claustro-de-bramante\/\" \/>\n<meta property=\"og:locale\" content=\"es_ES\" \/>\n<meta property=\"og:type\" content=\"article\" \/>\n<meta property=\"og:title\" content=\"Vamos a la exposici\u00f3n de Escher al Claustro de Bramante &#8211; Scuola Romit\" \/>\n<meta property=\"og:description\" content=\"\u00bfCu\u00e1ntos de ustedes conocen Piazza Navona? Pr\u00e1cticamente todos, ya que [...]\" \/>\n<meta property=\"og:url\" content=\"https:\/\/scuolaromit.com\/es\/vamos-a-la-exposicion-de-escher-al-claustro-de-bramante\/\" \/>\n<meta property=\"og:site_name\" content=\"Scuola Romit\" \/>\n<meta property=\"article:publisher\" content=\"https:\/\/www.facebook.com\/ScuolaRomit\" \/>\n<meta property=\"article:published_time\" content=\"2014-12-21T08:30:16+00:00\" \/>\n<meta property=\"article:modified_time\" content=\"2021-05-03T15:53:41+00:00\" \/>\n<meta property=\"og:image\" content=\"http:\/\/www.scuolaromit.com\/esp\/wp-content\/uploads\/sites\/3\/2014\/11\/mostra-di-escher-a-roma-2014.png\" \/>\n<meta name=\"author\" content=\"scuolaromit\" \/>\n<meta name=\"twitter:card\" content=\"summary_large_image\" \/>\n<meta name=\"twitter:label1\" content=\"Escrito por\" \/>\n\t<meta name=\"twitter:data1\" content=\"scuolaromit\" \/>\n\t<meta name=\"twitter:label2\" content=\"Tiempo de lectura\" \/>\n\t<meta name=\"twitter:data2\" content=\"2 minutos\" \/>\n<script type=\"application\/ld+json\" class=\"yoast-schema-graph\">{\"@context\":\"https:\/\/schema.org\",\"@graph\":[{\"@type\":\"Article\",\"@id\":\"https:\/\/scuolaromit.com\/es\/vamos-a-la-exposicion-de-escher-al-claustro-de-bramante\/#article\",\"isPartOf\":{\"@id\":\"https:\/\/scuolaromit.com\/es\/vamos-a-la-exposicion-de-escher-al-claustro-de-bramante\/\"},\"author\":{\"name\":\"scuolaromit\",\"@id\":\"https:\/\/scuolaromit.com\/fr\/#\/schema\/person\/4b236a84dc94303b142b56864d9823ec\"},\"headline\":\"Vamos a la exposici\u00f3n de Escher al Claustro de Bramante\",\"datePublished\":\"2014-12-21T08:30:16+00:00\",\"dateModified\":\"2021-05-03T15:53:41+00:00\",\"mainEntityOfPage\":{\"@id\":\"https:\/\/scuolaromit.com\/es\/vamos-a-la-exposicion-de-escher-al-claustro-de-bramante\/\"},\"wordCount\":494,\"commentCount\":0,\"publisher\":{\"@id\":\"https:\/\/scuolaromit.com\/fr\/#organization\"},\"image\":{\"@id\":\"https:\/\/scuolaromit.com\/es\/vamos-a-la-exposicion-de-escher-al-claustro-de-bramante\/#primaryimage\"},\"thumbnailUrl\":\"http:\/\/www.scuolaromit.com\/esp\/wp-content\/uploads\/sites\/3\/2014\/11\/mostra-di-escher-a-roma-2014.png\",\"articleSection\":[\"Articulos ES\"],\"inLanguage\":\"es\",\"potentialAction\":[{\"@type\":\"CommentAction\",\"name\":\"Comment\",\"target\":[\"https:\/\/scuolaromit.com\/es\/vamos-a-la-exposicion-de-escher-al-claustro-de-bramante\/#respond\"]}]},{\"@type\":\"WebPage\",\"@id\":\"https:\/\/scuolaromit.com\/es\/vamos-a-la-exposicion-de-escher-al-claustro-de-bramante\/\",\"url\":\"https:\/\/scuolaromit.com\/es\/vamos-a-la-exposicion-de-escher-al-claustro-de-bramante\/\",\"name\":\"Vamos a la exposici\u00f3n de Escher al Claustro de Bramante &#8211; Scuola Romit\",\"isPartOf\":{\"@id\":\"https:\/\/scuolaromit.com\/fr\/#website\"},\"primaryImageOfPage\":{\"@id\":\"https:\/\/scuolaromit.com\/es\/vamos-a-la-exposicion-de-escher-al-claustro-de-bramante\/#primaryimage\"},\"image\":{\"@id\":\"https:\/\/scuolaromit.com\/es\/vamos-a-la-exposicion-de-escher-al-claustro-de-bramante\/#primaryimage\"},\"thumbnailUrl\":\"http:\/\/www.scuolaromit.com\/esp\/wp-content\/uploads\/sites\/3\/2014\/11\/mostra-di-escher-a-roma-2014.png\",\"datePublished\":\"2014-12-21T08:30:16+00:00\",\"dateModified\":\"2021-05-03T15:53:41+00:00\",\"breadcrumb\":{\"@id\":\"https:\/\/scuolaromit.com\/es\/vamos-a-la-exposicion-de-escher-al-claustro-de-bramante\/#breadcrumb\"},\"inLanguage\":\"es\",\"potentialAction\":[{\"@type\":\"ReadAction\",\"target\":[\"https:\/\/scuolaromit.com\/es\/vamos-a-la-exposicion-de-escher-al-claustro-de-bramante\/\"]}]},{\"@type\":\"ImageObject\",\"inLanguage\":\"es\",\"@id\":\"https:\/\/scuolaromit.com\/es\/vamos-a-la-exposicion-de-escher-al-claustro-de-bramante\/#primaryimage\",\"url\":\"http:\/\/www.scuolaromit.com\/esp\/wp-content\/uploads\/sites\/3\/2014\/11\/mostra-di-escher-a-roma-2014.png\",\"contentUrl\":\"http:\/\/www.scuolaromit.com\/esp\/wp-content\/uploads\/sites\/3\/2014\/11\/mostra-di-escher-a-roma-2014.png\"},{\"@type\":\"BreadcrumbList\",\"@id\":\"https:\/\/scuolaromit.com\/es\/vamos-a-la-exposicion-de-escher-al-claustro-de-bramante\/#breadcrumb\",\"itemListElement\":[{\"@type\":\"ListItem\",\"position\":1,\"name\":\"Accueil\",\"item\":\"https:\/\/scuolaromit.com\/es\/\"},{\"@type\":\"ListItem\",\"position\":2,\"name\":\"Vamos a la exposici\u00f3n de Escher al Claustro de Bramante\"}]},{\"@type\":\"WebSite\",\"@id\":\"https:\/\/scuolaromit.com\/fr\/#website\",\"url\":\"https:\/\/scuolaromit.com\/fr\/\",\"name\":\"Scuola Romit\",\"description\":\"La scuola per imparare l&#039;italiano vivendolo\",\"publisher\":{\"@id\":\"https:\/\/scuolaromit.com\/fr\/#organization\"},\"potentialAction\":[{\"@type\":\"SearchAction\",\"target\":{\"@type\":\"EntryPoint\",\"urlTemplate\":\"https:\/\/scuolaromit.com\/fr\/?s={search_term_string}\"},\"query-input\":{\"@type\":\"PropertyValueSpecification\",\"valueRequired\":true,\"valueName\":\"search_term_string\"}}],\"inLanguage\":\"es\"},{\"@type\":\"Organization\",\"@id\":\"https:\/\/scuolaromit.com\/fr\/#organization\",\"name\":\"Scuola Romit\",\"url\":\"https:\/\/scuolaromit.com\/fr\/\",\"logo\":{\"@type\":\"ImageObject\",\"inLanguage\":\"es\",\"@id\":\"https:\/\/scuolaromit.com\/fr\/#\/schema\/logo\/image\/\",\"url\":\"https:\/\/scuolaromit.com\/wp-content\/uploads\/2020\/07\/logo-1.jpg\",\"contentUrl\":\"https:\/\/scuolaromit.com\/wp-content\/uploads\/2020\/07\/logo-1.jpg\",\"width\":452,\"height\":152,\"caption\":\"Scuola Romit\"},\"image\":{\"@id\":\"https:\/\/scuolaromit.com\/fr\/#\/schema\/logo\/image\/\"},\"sameAs\":[\"https:\/\/www.facebook.com\/ScuolaRomit\",\"https:\/\/www.instagram.com\/scuolaromit\/\"]},{\"@type\":\"Person\",\"@id\":\"https:\/\/scuolaromit.com\/fr\/#\/schema\/person\/4b236a84dc94303b142b56864d9823ec\",\"name\":\"scuolaromit\",\"image\":{\"@type\":\"ImageObject\",\"inLanguage\":\"es\",\"@id\":\"https:\/\/scuolaromit.com\/fr\/#\/schema\/person\/image\/\",\"url\":\"https:\/\/secure.gravatar.com\/avatar\/363442ba35974175a79e19d11efcb05f3f78296827a7dfd49f84dd549f4144e9?s=96&d=mm&r=g\",\"contentUrl\":\"https:\/\/secure.gravatar.com\/avatar\/363442ba35974175a79e19d11efcb05f3f78296827a7dfd49f84dd549f4144e9?s=96&d=mm&r=g\",\"caption\":\"scuolaromit\"}}]}<\/script>\n<!-- \/ Yoast SEO plugin. -->","yoast_head_json":{"title":"Vamos a la exposici\u00f3n de Escher al Claustro de Bramante &#8211; Scuola Romit","robots":{"index":"index","follow":"follow","max-snippet":"max-snippet:-1","max-image-preview":"max-image-preview:large","max-video-preview":"max-video-preview:-1"},"canonical":"https:\/\/scuolaromit.com\/es\/vamos-a-la-exposicion-de-escher-al-claustro-de-bramante\/","og_locale":"es_ES","og_type":"article","og_title":"Vamos a la exposici\u00f3n de Escher al Claustro de Bramante &#8211; Scuola Romit","og_description":"\u00bfCu\u00e1ntos de ustedes conocen Piazza Navona? Pr\u00e1cticamente todos, ya que [...]","og_url":"https:\/\/scuolaromit.com\/es\/vamos-a-la-exposicion-de-escher-al-claustro-de-bramante\/","og_site_name":"Scuola Romit","article_publisher":"https:\/\/www.facebook.com\/ScuolaRomit","article_published_time":"2014-12-21T08:30:16+00:00","article_modified_time":"2021-05-03T15:53:41+00:00","og_image":[{"url":"http:\/\/www.scuolaromit.com\/esp\/wp-content\/uploads\/sites\/3\/2014\/11\/mostra-di-escher-a-roma-2014.png","type":"","width":"","height":""}],"author":"scuolaromit","twitter_card":"summary_large_image","twitter_misc":{"Escrito por":"scuolaromit","Tiempo de lectura":"2 minutos"},"schema":{"@context":"https:\/\/schema.org","@graph":[{"@type":"Article","@id":"https:\/\/scuolaromit.com\/es\/vamos-a-la-exposicion-de-escher-al-claustro-de-bramante\/#article","isPartOf":{"@id":"https:\/\/scuolaromit.com\/es\/vamos-a-la-exposicion-de-escher-al-claustro-de-bramante\/"},"author":{"name":"scuolaromit","@id":"https:\/\/scuolaromit.com\/fr\/#\/schema\/person\/4b236a84dc94303b142b56864d9823ec"},"headline":"Vamos a la exposici\u00f3n de Escher al Claustro de Bramante","datePublished":"2014-12-21T08:30:16+00:00","dateModified":"2021-05-03T15:53:41+00:00","mainEntityOfPage":{"@id":"https:\/\/scuolaromit.com\/es\/vamos-a-la-exposicion-de-escher-al-claustro-de-bramante\/"},"wordCount":494,"commentCount":0,"publisher":{"@id":"https:\/\/scuolaromit.com\/fr\/#organization"},"image":{"@id":"https:\/\/scuolaromit.com\/es\/vamos-a-la-exposicion-de-escher-al-claustro-de-bramante\/#primaryimage"},"thumbnailUrl":"http:\/\/www.scuolaromit.com\/esp\/wp-content\/uploads\/sites\/3\/2014\/11\/mostra-di-escher-a-roma-2014.png","articleSection":["Articulos ES"],"inLanguage":"es","potentialAction":[{"@type":"CommentAction","name":"Comment","target":["https:\/\/scuolaromit.com\/es\/vamos-a-la-exposicion-de-escher-al-claustro-de-bramante\/#respond"]}]},{"@type":"WebPage","@id":"https:\/\/scuolaromit.com\/es\/vamos-a-la-exposicion-de-escher-al-claustro-de-bramante\/","url":"https:\/\/scuolaromit.com\/es\/vamos-a-la-exposicion-de-escher-al-claustro-de-bramante\/","name":"Vamos a la exposici\u00f3n de Escher al Claustro de Bramante &#8211; Scuola Romit","isPartOf":{"@id":"https:\/\/scuolaromit.com\/fr\/#website"},"primaryImageOfPage":{"@id":"https:\/\/scuolaromit.com\/es\/vamos-a-la-exposicion-de-escher-al-claustro-de-bramante\/#primaryimage"},"image":{"@id":"https:\/\/scuolaromit.com\/es\/vamos-a-la-exposicion-de-escher-al-claustro-de-bramante\/#primaryimage"},"thumbnailUrl":"http:\/\/www.scuolaromit.com\/esp\/wp-content\/uploads\/sites\/3\/2014\/11\/mostra-di-escher-a-roma-2014.png","datePublished":"2014-12-21T08:30:16+00:00","dateModified":"2021-05-03T15:53:41+00:00","breadcrumb":{"@id":"https:\/\/scuolaromit.com\/es\/vamos-a-la-exposicion-de-escher-al-claustro-de-bramante\/#breadcrumb"},"inLanguage":"es","potentialAction":[{"@type":"ReadAction","target":["https:\/\/scuolaromit.com\/es\/vamos-a-la-exposicion-de-escher-al-claustro-de-bramante\/"]}]},{"@type":"ImageObject","inLanguage":"es","@id":"https:\/\/scuolaromit.com\/es\/vamos-a-la-exposicion-de-escher-al-claustro-de-bramante\/#primaryimage","url":"http:\/\/www.scuolaromit.com\/esp\/wp-content\/uploads\/sites\/3\/2014\/11\/mostra-di-escher-a-roma-2014.png","contentUrl":"http:\/\/www.scuolaromit.com\/esp\/wp-content\/uploads\/sites\/3\/2014\/11\/mostra-di-escher-a-roma-2014.png"},{"@type":"BreadcrumbList","@id":"https:\/\/scuolaromit.com\/es\/vamos-a-la-exposicion-de-escher-al-claustro-de-bramante\/#breadcrumb","itemListElement":[{"@type":"ListItem","position":1,"name":"Accueil","item":"https:\/\/scuolaromit.com\/es\/"},{"@type":"ListItem","position":2,"name":"Vamos a la exposici\u00f3n de Escher al Claustro de Bramante"}]},{"@type":"WebSite","@id":"https:\/\/scuolaromit.com\/fr\/#website","url":"https:\/\/scuolaromit.com\/fr\/","name":"Scuola Romit","description":"La scuola per imparare l&#039;italiano vivendolo","publisher":{"@id":"https:\/\/scuolaromit.com\/fr\/#organization"},"potentialAction":[{"@type":"SearchAction","target":{"@type":"EntryPoint","urlTemplate":"https:\/\/scuolaromit.com\/fr\/?s={search_term_string}"},"query-input":{"@type":"PropertyValueSpecification","valueRequired":true,"valueName":"search_term_string"}}],"inLanguage":"es"},{"@type":"Organization","@id":"https:\/\/scuolaromit.com\/fr\/#organization","name":"Scuola Romit","url":"https:\/\/scuolaromit.com\/fr\/","logo":{"@type":"ImageObject","inLanguage":"es","@id":"https:\/\/scuolaromit.com\/fr\/#\/schema\/logo\/image\/","url":"https:\/\/scuolaromit.com\/wp-content\/uploads\/2020\/07\/logo-1.jpg","contentUrl":"https:\/\/scuolaromit.com\/wp-content\/uploads\/2020\/07\/logo-1.jpg","width":452,"height":152,"caption":"Scuola Romit"},"image":{"@id":"https:\/\/scuolaromit.com\/fr\/#\/schema\/logo\/image\/"},"sameAs":["https:\/\/www.facebook.com\/ScuolaRomit","https:\/\/www.instagram.com\/scuolaromit\/"]},{"@type":"Person","@id":"https:\/\/scuolaromit.com\/fr\/#\/schema\/person\/4b236a84dc94303b142b56864d9823ec","name":"scuolaromit","image":{"@type":"ImageObject","inLanguage":"es","@id":"https:\/\/scuolaromit.com\/fr\/#\/schema\/person\/image\/","url":"https:\/\/secure.gravatar.com\/avatar\/363442ba35974175a79e19d11efcb05f3f78296827a7dfd49f84dd549f4144e9?s=96&d=mm&r=g","contentUrl":"https:\/\/secure.gravatar.com\/avatar\/363442ba35974175a79e19d11efcb05f3f78296827a7dfd49f84dd549f4144e9?s=96&d=mm&r=g","caption":"scuolaromit"}}]}},"_links":{"self":[{"href":"https:\/\/scuolaromit.com\/es\/wp-json\/wp\/v2\/posts\/2516","targetHints":{"allow":["GET"]}}],"collection":[{"href":"https:\/\/scuolaromit.com\/es\/wp-json\/wp\/v2\/posts"}],"about":[{"href":"https:\/\/scuolaromit.com\/es\/wp-json\/wp\/v2\/types\/post"}],"author":[{"embeddable":true,"href":"https:\/\/scuolaromit.com\/es\/wp-json\/wp\/v2\/users\/3"}],"replies":[{"embeddable":true,"href":"https:\/\/scuolaromit.com\/es\/wp-json\/wp\/v2\/comments?post=2516"}],"version-history":[{"count":3,"href":"https:\/\/scuolaromit.com\/es\/wp-json\/wp\/v2\/posts\/2516\/revisions"}],"predecessor-version":[{"id":3831,"href":"https:\/\/scuolaromit.com\/es\/wp-json\/wp\/v2\/posts\/2516\/revisions\/3831"}],"wp:attachment":[{"href":"https:\/\/scuolaromit.com\/es\/wp-json\/wp\/v2\/media?parent=2516"}],"wp:term":[{"taxonomy":"category","embeddable":true,"href":"https:\/\/scuolaromit.com\/es\/wp-json\/wp\/v2\/categories?post=2516"},{"taxonomy":"post_tag","embeddable":true,"href":"https:\/\/scuolaromit.com\/es\/wp-json\/wp\/v2\/tags?post=2516"}],"curies":[{"name":"wp","href":"https:\/\/api.w.org\/{rel}","templated":true}]}}