{"id":2513,"date":"2014-11-30T11:05:20","date_gmt":"2014-11-30T10:05:20","guid":{"rendered":"http:\/\/www.scuolaromit.it\/articoli\/?p=102"},"modified":"2021-05-03T18:05:22","modified_gmt":"2021-05-03T16:05:22","slug":"columna-de-trajano-y-arco-de-constantino","status":"publish","type":"post","link":"https:\/\/scuolaromit.com\/es\/columna-de-trajano-y-arco-de-constantino\/","title":{"rendered":"Columna de Trajano y Arco de Constantino: cuando el arte celebra la historia"},"content":{"rendered":"<p>Entre los monumentos m\u00e1s importantes de la historia de Roma se encuentran la <strong>Columna de Trajano<\/strong> y el <strong>Arco de Constantino<\/strong>. Aunque siempre bajo los ojos de todos, tomando parte de la estructura urbana, visibles incluso simplemente caminando en el centro, puede que no siempre sea tan sencillo de entender su valor simb\u00f3lico. Se trata de monumentos riqu\u00edsimos en s\u00edmbolos y referencias a acontecimientos hist\u00f3ricos muy lejos en el tiempo, que nacen con el prop\u00f3sito de celebrar o relatar las haza\u00f1as de los emperadores que hab\u00edan promovido el desarrollo de la sociedad romana. <strong>\u00bfPor qu\u00e9 estos monumentos se mencionan juntos?<\/strong><\/p>\n<p><img decoding=\"async\" class=\"aligncenter size-large wp-image-98\" src=\"http:\/\/www.scuolaromit.com\/wp-content\/uploads\/sites\/3\/2014\/11\/Brogi-Giacomo-Arco-di-Costantino-550x428.jpg\" alt=\"Brogi Giacomo - Arco di Costantino\" width=\"550\" height=\"427\" \/><\/p>\n<p>El Arco de Constantino, como su nombre indica, est\u00e1 relacionado con el emperador del siglo IV que di\u00f3 impulso a la religi\u00f3n cristiana en Occidente. En esta \u00e9poca, el clima social es muy tenso y culmina en la batalla del Puente Milvio. El Arco de Constantino se eleva precisamente para comunicar y celebrar los acontecimientos de los c eluales protagonista es el emperador. Para crearlo, este emperador mira a las glorias del pasado y al emperador Trajano, que fue un gran promotor de la expanci\u00f3n romana en Dacia, en la parte oriental del Imperio. Por lo tanto, <strong>algunos relieves que est\u00e1n presentes en la columna de Trajano se toman como modelo para el Arco de Constantino<\/strong>.<\/p>\n<p><img decoding=\"async\" class=\"aligncenter size-full wp-image-99\" src=\"http:\/\/www.scuolaromit.com\/esp\/wp-content\/uploads\/sites\/3\/2014\/11\/Robert-MacPherson-Trajans-Forum-and-column.jpg\" alt=\"Robert MacPherson - Trajan's Forum and column\" width=\"550\" height=\"702\" \/><\/p>\n<p>Vamos a ver algunos detalles m\u00e1s. La Columna de Trajano se inaugur\u00f3 en el 113 d.C. y presenta un largo friso en forma de espiral que se enrolla alrededor de la superficie de la columna, formada por diecinueve bloques de m\u00e1rmol. Como se mencion\u00f3 anteriormente, el tema del monumento es la celebraci\u00f3n de las victorias del emperador en Dacia (101-106) y po lo tanto de sus campa\u00f1as militares. La narraci\u00f3n es muy animada, la figura de Trajano es representada sesenta veces. Se representan episodios de viaje, momentos cruciales de las batallas, ceremonias y legaciones.<\/p>\n<p><strong>Todas estas escenas se encuentran en entornos realistas y naturales<\/strong>, bien representados, lo que sugiere que existieran fuentes escritas o relatos precisos utilizados como modelo para su construcci\u00f3n. En cuanto al autor, los relieves son generalmente conectados al \u00abMaestro de la Columna de Trajano\u00bb, una personalidad art\u00edstica, sin duda importante en el \u00e1mbito de la vida oficial del Imperio, buen conocedor del arte helen\u00edstico.<\/p>\n<p><img decoding=\"async\" class=\"aligncenter size-full wp-image-100\" src=\"http:\/\/www.scuolaromit.com\/esp\/wp-content\/uploads\/sites\/3\/2014\/11\/Arco-di-Costantino1.jpg\" alt=\"Arco di Costantino\" width=\"550\" height=\"413\" \/><\/p>\n<p><strong>El Arco de Constantino en cambio es un arco de triunfo de 21 metros de altura, con tres arcos (o tres aperturas), que est\u00e1 a pocos pasos del Coliseo<\/strong>. El arco fue construido por orden del Senado Romano para celebrar y conmemorar la victoria de Constantino contra Majencio. Se trata de la famosa batalla del Puente Milvio que tuvo lugar en el a\u00f1o 312.<\/p>\n<p>La estructura es de m\u00e1rmol y la decoraci\u00f3n presenta varios relieves que narran los episodios m\u00e1s destacados relacionados con la vida de los emperadores anteriores, del siglo II, por los que Constantino fue inspirado: <strong>Marco Aurelio<\/strong>, <strong>Trajano<\/strong> y <strong>Adriano<\/strong>. Precisamente el siglo II es visto como el siglo feliz de la civilizaci\u00f3n romana, de los cuales, estos emperadores son el s\u00edmbolo.<\/p>\n<p>El arco presenta un friso particular, el gran friso de Trajano, tallado y originalmente colocado en el Foro de Trajano.<strong> El tema que se representa es el de las aza\u00f1as del emperador y de su triunfo contra los Dacios<\/strong>. La narraci\u00f3n se relaciona estrechamente a la de la columna de Trajano, antes citada. Varios estudiosos han sugerido que estos relieves son el resultado del mismo maestro, pero a pesar de ser muy similar, estas obras tienen un estilo diferente: la columna de Trajano cuenta con una finalidad documental, mientras que el arco es m\u00e1s de celebraci\u00f3n. El arco tiene de hecho una extraordinaria riqueza de detalles y temas aunque la realizaci\u00f3n sea muy similar a la de la columna.<\/p>\n<p><img decoding=\"async\" class=\"aligncenter size-full wp-image-101\" src=\"http:\/\/www.scuolaromit.com\/esp\/wp-content\/uploads\/sites\/3\/2014\/11\/Trajans-Column-Etching-colorized-Engraved-by-M.-Dubourg.-Published-London-1820.jpg\" alt=\"Trajan's Column Etching, colorized, Engraved by M. Dubourg. Published London 1820\" width=\"550\" height=\"748\" \/><\/p>\n","protected":false},"excerpt":{"rendered":"<p>Entre los monumentos m\u00e1s importantes de la historia de Roma  [&#8230;]<\/p>\n","protected":false},"author":3,"featured_media":0,"comment_status":"open","ping_status":"open","sticky":false,"template":"","format":"standard","meta":{"footnotes":""},"categories":[55],"tags":[],"class_list":["post-2513","post","type-post","status-publish","format-standard","hentry","category-articulos-es"],"yoast_head":"<!-- This site is optimized with the Yoast SEO plugin v26.5 - https:\/\/yoast.com\/wordpress\/plugins\/seo\/ -->\n<title>Columna de Trajano y Arco de Constantino: cuando el arte celebra la historia &#8211; Scuola Romit<\/title>\n<meta name=\"robots\" content=\"index, follow, max-snippet:-1, max-image-preview:large, max-video-preview:-1\" \/>\n<link rel=\"canonical\" href=\"https:\/\/scuolaromit.com\/es\/columna-de-trajano-y-arco-de-constantino\/\" \/>\n<meta property=\"og:locale\" content=\"es_ES\" \/>\n<meta property=\"og:type\" content=\"article\" \/>\n<meta property=\"og:title\" content=\"Columna de Trajano y Arco de Constantino: cuando el arte celebra la historia &#8211; Scuola Romit\" \/>\n<meta property=\"og:description\" content=\"Entre los monumentos m\u00e1s importantes de la historia de Roma [...]\" \/>\n<meta property=\"og:url\" content=\"https:\/\/scuolaromit.com\/es\/columna-de-trajano-y-arco-de-constantino\/\" \/>\n<meta property=\"og:site_name\" content=\"Scuola Romit\" \/>\n<meta property=\"article:publisher\" content=\"https:\/\/www.facebook.com\/ScuolaRomit\" \/>\n<meta property=\"article:published_time\" content=\"2014-11-30T10:05:20+00:00\" \/>\n<meta property=\"article:modified_time\" content=\"2021-05-03T16:05:22+00:00\" \/>\n<meta property=\"og:image\" content=\"http:\/\/www.scuolaromit.com\/wp-content\/uploads\/sites\/3\/2014\/11\/Brogi-Giacomo-Arco-di-Costantino-550x428.jpg\" \/>\n<meta name=\"author\" content=\"scuolaromit\" \/>\n<meta name=\"twitter:card\" content=\"summary_large_image\" \/>\n<meta name=\"twitter:label1\" content=\"Escrito por\" \/>\n\t<meta name=\"twitter:data1\" content=\"scuolaromit\" \/>\n\t<meta name=\"twitter:label2\" content=\"Tiempo de lectura\" \/>\n\t<meta name=\"twitter:data2\" content=\"3 minutos\" \/>\n<script type=\"application\/ld+json\" class=\"yoast-schema-graph\">{\"@context\":\"https:\/\/schema.org\",\"@graph\":[{\"@type\":\"Article\",\"@id\":\"https:\/\/scuolaromit.com\/es\/columna-de-trajano-y-arco-de-constantino\/#article\",\"isPartOf\":{\"@id\":\"https:\/\/scuolaromit.com\/es\/columna-de-trajano-y-arco-de-constantino\/\"},\"author\":{\"name\":\"scuolaromit\",\"@id\":\"https:\/\/scuolaromit.com\/fr\/#\/schema\/person\/4b236a84dc94303b142b56864d9823ec\"},\"headline\":\"Columna de Trajano y Arco de Constantino: cuando el arte celebra la historia\",\"datePublished\":\"2014-11-30T10:05:20+00:00\",\"dateModified\":\"2021-05-03T16:05:22+00:00\",\"mainEntityOfPage\":{\"@id\":\"https:\/\/scuolaromit.com\/es\/columna-de-trajano-y-arco-de-constantino\/\"},\"wordCount\":659,\"commentCount\":0,\"publisher\":{\"@id\":\"https:\/\/scuolaromit.com\/fr\/#organization\"},\"image\":{\"@id\":\"https:\/\/scuolaromit.com\/es\/columna-de-trajano-y-arco-de-constantino\/#primaryimage\"},\"thumbnailUrl\":\"http:\/\/www.scuolaromit.com\/wp-content\/uploads\/sites\/3\/2014\/11\/Brogi-Giacomo-Arco-di-Costantino-550x428.jpg\",\"articleSection\":[\"Articulos ES\"],\"inLanguage\":\"es\",\"potentialAction\":[{\"@type\":\"CommentAction\",\"name\":\"Comment\",\"target\":[\"https:\/\/scuolaromit.com\/es\/columna-de-trajano-y-arco-de-constantino\/#respond\"]}]},{\"@type\":\"WebPage\",\"@id\":\"https:\/\/scuolaromit.com\/es\/columna-de-trajano-y-arco-de-constantino\/\",\"url\":\"https:\/\/scuolaromit.com\/es\/columna-de-trajano-y-arco-de-constantino\/\",\"name\":\"Columna de Trajano y Arco de Constantino: cuando el arte celebra la historia &#8211; Scuola Romit\",\"isPartOf\":{\"@id\":\"https:\/\/scuolaromit.com\/fr\/#website\"},\"primaryImageOfPage\":{\"@id\":\"https:\/\/scuolaromit.com\/es\/columna-de-trajano-y-arco-de-constantino\/#primaryimage\"},\"image\":{\"@id\":\"https:\/\/scuolaromit.com\/es\/columna-de-trajano-y-arco-de-constantino\/#primaryimage\"},\"thumbnailUrl\":\"http:\/\/www.scuolaromit.com\/wp-content\/uploads\/sites\/3\/2014\/11\/Brogi-Giacomo-Arco-di-Costantino-550x428.jpg\",\"datePublished\":\"2014-11-30T10:05:20+00:00\",\"dateModified\":\"2021-05-03T16:05:22+00:00\",\"breadcrumb\":{\"@id\":\"https:\/\/scuolaromit.com\/es\/columna-de-trajano-y-arco-de-constantino\/#breadcrumb\"},\"inLanguage\":\"es\",\"potentialAction\":[{\"@type\":\"ReadAction\",\"target\":[\"https:\/\/scuolaromit.com\/es\/columna-de-trajano-y-arco-de-constantino\/\"]}]},{\"@type\":\"ImageObject\",\"inLanguage\":\"es\",\"@id\":\"https:\/\/scuolaromit.com\/es\/columna-de-trajano-y-arco-de-constantino\/#primaryimage\",\"url\":\"http:\/\/www.scuolaromit.com\/wp-content\/uploads\/sites\/3\/2014\/11\/Brogi-Giacomo-Arco-di-Costantino-550x428.jpg\",\"contentUrl\":\"http:\/\/www.scuolaromit.com\/wp-content\/uploads\/sites\/3\/2014\/11\/Brogi-Giacomo-Arco-di-Costantino-550x428.jpg\"},{\"@type\":\"BreadcrumbList\",\"@id\":\"https:\/\/scuolaromit.com\/es\/columna-de-trajano-y-arco-de-constantino\/#breadcrumb\",\"itemListElement\":[{\"@type\":\"ListItem\",\"position\":1,\"name\":\"Accueil\",\"item\":\"https:\/\/scuolaromit.com\/es\/\"},{\"@type\":\"ListItem\",\"position\":2,\"name\":\"Columna de Trajano y Arco de Constantino: cuando el arte celebra la historia\"}]},{\"@type\":\"WebSite\",\"@id\":\"https:\/\/scuolaromit.com\/fr\/#website\",\"url\":\"https:\/\/scuolaromit.com\/fr\/\",\"name\":\"Scuola Romit\",\"description\":\"La scuola per imparare l&#039;italiano vivendolo\",\"publisher\":{\"@id\":\"https:\/\/scuolaromit.com\/fr\/#organization\"},\"potentialAction\":[{\"@type\":\"SearchAction\",\"target\":{\"@type\":\"EntryPoint\",\"urlTemplate\":\"https:\/\/scuolaromit.com\/fr\/?s={search_term_string}\"},\"query-input\":{\"@type\":\"PropertyValueSpecification\",\"valueRequired\":true,\"valueName\":\"search_term_string\"}}],\"inLanguage\":\"es\"},{\"@type\":\"Organization\",\"@id\":\"https:\/\/scuolaromit.com\/fr\/#organization\",\"name\":\"Scuola Romit\",\"url\":\"https:\/\/scuolaromit.com\/fr\/\",\"logo\":{\"@type\":\"ImageObject\",\"inLanguage\":\"es\",\"@id\":\"https:\/\/scuolaromit.com\/fr\/#\/schema\/logo\/image\/\",\"url\":\"https:\/\/scuolaromit.com\/wp-content\/uploads\/2020\/07\/logo-1.jpg\",\"contentUrl\":\"https:\/\/scuolaromit.com\/wp-content\/uploads\/2020\/07\/logo-1.jpg\",\"width\":452,\"height\":152,\"caption\":\"Scuola Romit\"},\"image\":{\"@id\":\"https:\/\/scuolaromit.com\/fr\/#\/schema\/logo\/image\/\"},\"sameAs\":[\"https:\/\/www.facebook.com\/ScuolaRomit\",\"https:\/\/www.instagram.com\/scuolaromit\/\"]},{\"@type\":\"Person\",\"@id\":\"https:\/\/scuolaromit.com\/fr\/#\/schema\/person\/4b236a84dc94303b142b56864d9823ec\",\"name\":\"scuolaromit\",\"image\":{\"@type\":\"ImageObject\",\"inLanguage\":\"es\",\"@id\":\"https:\/\/scuolaromit.com\/fr\/#\/schema\/person\/image\/\",\"url\":\"https:\/\/secure.gravatar.com\/avatar\/363442ba35974175a79e19d11efcb05f3f78296827a7dfd49f84dd549f4144e9?s=96&d=mm&r=g\",\"contentUrl\":\"https:\/\/secure.gravatar.com\/avatar\/363442ba35974175a79e19d11efcb05f3f78296827a7dfd49f84dd549f4144e9?s=96&d=mm&r=g\",\"caption\":\"scuolaromit\"}}]}<\/script>\n<!-- \/ Yoast SEO plugin. -->","yoast_head_json":{"title":"Columna de Trajano y Arco de Constantino: cuando el arte celebra la historia &#8211; Scuola Romit","robots":{"index":"index","follow":"follow","max-snippet":"max-snippet:-1","max-image-preview":"max-image-preview:large","max-video-preview":"max-video-preview:-1"},"canonical":"https:\/\/scuolaromit.com\/es\/columna-de-trajano-y-arco-de-constantino\/","og_locale":"es_ES","og_type":"article","og_title":"Columna de Trajano y Arco de Constantino: cuando el arte celebra la historia &#8211; Scuola Romit","og_description":"Entre los monumentos m\u00e1s importantes de la historia de Roma [...]","og_url":"https:\/\/scuolaromit.com\/es\/columna-de-trajano-y-arco-de-constantino\/","og_site_name":"Scuola Romit","article_publisher":"https:\/\/www.facebook.com\/ScuolaRomit","article_published_time":"2014-11-30T10:05:20+00:00","article_modified_time":"2021-05-03T16:05:22+00:00","og_image":[{"url":"http:\/\/www.scuolaromit.com\/wp-content\/uploads\/sites\/3\/2014\/11\/Brogi-Giacomo-Arco-di-Costantino-550x428.jpg","type":"","width":"","height":""}],"author":"scuolaromit","twitter_card":"summary_large_image","twitter_misc":{"Escrito por":"scuolaromit","Tiempo de lectura":"3 minutos"},"schema":{"@context":"https:\/\/schema.org","@graph":[{"@type":"Article","@id":"https:\/\/scuolaromit.com\/es\/columna-de-trajano-y-arco-de-constantino\/#article","isPartOf":{"@id":"https:\/\/scuolaromit.com\/es\/columna-de-trajano-y-arco-de-constantino\/"},"author":{"name":"scuolaromit","@id":"https:\/\/scuolaromit.com\/fr\/#\/schema\/person\/4b236a84dc94303b142b56864d9823ec"},"headline":"Columna de Trajano y Arco de Constantino: cuando el arte celebra la historia","datePublished":"2014-11-30T10:05:20+00:00","dateModified":"2021-05-03T16:05:22+00:00","mainEntityOfPage":{"@id":"https:\/\/scuolaromit.com\/es\/columna-de-trajano-y-arco-de-constantino\/"},"wordCount":659,"commentCount":0,"publisher":{"@id":"https:\/\/scuolaromit.com\/fr\/#organization"},"image":{"@id":"https:\/\/scuolaromit.com\/es\/columna-de-trajano-y-arco-de-constantino\/#primaryimage"},"thumbnailUrl":"http:\/\/www.scuolaromit.com\/wp-content\/uploads\/sites\/3\/2014\/11\/Brogi-Giacomo-Arco-di-Costantino-550x428.jpg","articleSection":["Articulos ES"],"inLanguage":"es","potentialAction":[{"@type":"CommentAction","name":"Comment","target":["https:\/\/scuolaromit.com\/es\/columna-de-trajano-y-arco-de-constantino\/#respond"]}]},{"@type":"WebPage","@id":"https:\/\/scuolaromit.com\/es\/columna-de-trajano-y-arco-de-constantino\/","url":"https:\/\/scuolaromit.com\/es\/columna-de-trajano-y-arco-de-constantino\/","name":"Columna de Trajano y Arco de Constantino: cuando el arte celebra la historia &#8211; Scuola Romit","isPartOf":{"@id":"https:\/\/scuolaromit.com\/fr\/#website"},"primaryImageOfPage":{"@id":"https:\/\/scuolaromit.com\/es\/columna-de-trajano-y-arco-de-constantino\/#primaryimage"},"image":{"@id":"https:\/\/scuolaromit.com\/es\/columna-de-trajano-y-arco-de-constantino\/#primaryimage"},"thumbnailUrl":"http:\/\/www.scuolaromit.com\/wp-content\/uploads\/sites\/3\/2014\/11\/Brogi-Giacomo-Arco-di-Costantino-550x428.jpg","datePublished":"2014-11-30T10:05:20+00:00","dateModified":"2021-05-03T16:05:22+00:00","breadcrumb":{"@id":"https:\/\/scuolaromit.com\/es\/columna-de-trajano-y-arco-de-constantino\/#breadcrumb"},"inLanguage":"es","potentialAction":[{"@type":"ReadAction","target":["https:\/\/scuolaromit.com\/es\/columna-de-trajano-y-arco-de-constantino\/"]}]},{"@type":"ImageObject","inLanguage":"es","@id":"https:\/\/scuolaromit.com\/es\/columna-de-trajano-y-arco-de-constantino\/#primaryimage","url":"http:\/\/www.scuolaromit.com\/wp-content\/uploads\/sites\/3\/2014\/11\/Brogi-Giacomo-Arco-di-Costantino-550x428.jpg","contentUrl":"http:\/\/www.scuolaromit.com\/wp-content\/uploads\/sites\/3\/2014\/11\/Brogi-Giacomo-Arco-di-Costantino-550x428.jpg"},{"@type":"BreadcrumbList","@id":"https:\/\/scuolaromit.com\/es\/columna-de-trajano-y-arco-de-constantino\/#breadcrumb","itemListElement":[{"@type":"ListItem","position":1,"name":"Accueil","item":"https:\/\/scuolaromit.com\/es\/"},{"@type":"ListItem","position":2,"name":"Columna de Trajano y Arco de Constantino: cuando el arte celebra la historia"}]},{"@type":"WebSite","@id":"https:\/\/scuolaromit.com\/fr\/#website","url":"https:\/\/scuolaromit.com\/fr\/","name":"Scuola Romit","description":"La scuola per imparare l&#039;italiano vivendolo","publisher":{"@id":"https:\/\/scuolaromit.com\/fr\/#organization"},"potentialAction":[{"@type":"SearchAction","target":{"@type":"EntryPoint","urlTemplate":"https:\/\/scuolaromit.com\/fr\/?s={search_term_string}"},"query-input":{"@type":"PropertyValueSpecification","valueRequired":true,"valueName":"search_term_string"}}],"inLanguage":"es"},{"@type":"Organization","@id":"https:\/\/scuolaromit.com\/fr\/#organization","name":"Scuola Romit","url":"https:\/\/scuolaromit.com\/fr\/","logo":{"@type":"ImageObject","inLanguage":"es","@id":"https:\/\/scuolaromit.com\/fr\/#\/schema\/logo\/image\/","url":"https:\/\/scuolaromit.com\/wp-content\/uploads\/2020\/07\/logo-1.jpg","contentUrl":"https:\/\/scuolaromit.com\/wp-content\/uploads\/2020\/07\/logo-1.jpg","width":452,"height":152,"caption":"Scuola Romit"},"image":{"@id":"https:\/\/scuolaromit.com\/fr\/#\/schema\/logo\/image\/"},"sameAs":["https:\/\/www.facebook.com\/ScuolaRomit","https:\/\/www.instagram.com\/scuolaromit\/"]},{"@type":"Person","@id":"https:\/\/scuolaromit.com\/fr\/#\/schema\/person\/4b236a84dc94303b142b56864d9823ec","name":"scuolaromit","image":{"@type":"ImageObject","inLanguage":"es","@id":"https:\/\/scuolaromit.com\/fr\/#\/schema\/person\/image\/","url":"https:\/\/secure.gravatar.com\/avatar\/363442ba35974175a79e19d11efcb05f3f78296827a7dfd49f84dd549f4144e9?s=96&d=mm&r=g","contentUrl":"https:\/\/secure.gravatar.com\/avatar\/363442ba35974175a79e19d11efcb05f3f78296827a7dfd49f84dd549f4144e9?s=96&d=mm&r=g","caption":"scuolaromit"}}]}},"_links":{"self":[{"href":"https:\/\/scuolaromit.com\/es\/wp-json\/wp\/v2\/posts\/2513","targetHints":{"allow":["GET"]}}],"collection":[{"href":"https:\/\/scuolaromit.com\/es\/wp-json\/wp\/v2\/posts"}],"about":[{"href":"https:\/\/scuolaromit.com\/es\/wp-json\/wp\/v2\/types\/post"}],"author":[{"embeddable":true,"href":"https:\/\/scuolaromit.com\/es\/wp-json\/wp\/v2\/users\/3"}],"replies":[{"embeddable":true,"href":"https:\/\/scuolaromit.com\/es\/wp-json\/wp\/v2\/comments?post=2513"}],"version-history":[{"count":5,"href":"https:\/\/scuolaromit.com\/es\/wp-json\/wp\/v2\/posts\/2513\/revisions"}],"predecessor-version":[{"id":3838,"href":"https:\/\/scuolaromit.com\/es\/wp-json\/wp\/v2\/posts\/2513\/revisions\/3838"}],"wp:attachment":[{"href":"https:\/\/scuolaromit.com\/es\/wp-json\/wp\/v2\/media?parent=2513"}],"wp:term":[{"taxonomy":"category","embeddable":true,"href":"https:\/\/scuolaromit.com\/es\/wp-json\/wp\/v2\/categories?post=2513"},{"taxonomy":"post_tag","embeddable":true,"href":"https:\/\/scuolaromit.com\/es\/wp-json\/wp\/v2\/tags?post=2513"}],"curies":[{"name":"wp","href":"https:\/\/api.w.org\/{rel}","templated":true}]}}