{"id":250,"date":"2015-01-29T08:00:29","date_gmt":"2015-01-29T07:00:29","guid":{"rendered":"http:\/\/www.scuolaromit.it\/articoli\/?p=250"},"modified":"2021-05-03T17:46:01","modified_gmt":"2021-05-03T15:46:01","slug":"las-abejas-de-la-familia-barberini-en-roma-y-bernini","status":"publish","type":"post","link":"https:\/\/scuolaromit.com\/es\/las-abejas-de-la-familia-barberini-en-roma-y-bernini\/","title":{"rendered":"Las Abejas de la familia Barberini en Roma y Bernini"},"content":{"rendered":"<p>A lo largo del siglo XVII la ciudad de Roma adquiere un aspecto especialmente llamativo, en el cual el <strong>nuevo gusto totalmente barroco<\/strong> va integr\u00e1ndose con los preexistentes cl\u00e1sicos y medievales, convirtiendo la ciudad en una fragua de experimentos de arquitectura y urbanismo.<\/p>\n<p>Y en este momento hist\u00f3rico, la genialidad de Bernini se exprime a trav\u00e9s de proyectos verdaderamente escenogr\u00e1ficos, de acuerdo con los estilos del movimiento barroco, obras maestras que a\u00fan podemos admirar, simplemente paseando por las calles del centro de la ciudad.<\/p>\n<div id=\"attachment_170\" style=\"width: 560px\" class=\"wp-caption aligncenter\"><img decoding=\"async\" aria-describedby=\"caption-attachment-170\" class=\"size-large wp-image-170\" src=\"http:\/\/www.scuolaromit.com\/esp\/wp-content\/uploads\/sites\/3\/2014\/12\/Gian_Lorenzo_Bernini-550x715.jpg\" alt=\"Gian Lorenzo Bernini - self-portrait.\" width=\"550\" height=\"715\" \/><p id=\"caption-attachment-170\" class=\"wp-caption-text\">Gian Lorenzo Bernini &#8211; <em>self-portrait<\/em>.<\/p><\/div>\n<p>Igual usted se est\u00e1 preguntando como puede encajar en este tema el motivo iconogr\u00e1fico de la abeja, presentado en el t\u00edtulo de este peque\u00f1o art\u00edculo. <strong>Gian Lorenzo Bernini<\/strong>, famos\u00edsimo arquitecto italiano, trabaj\u00f3 a lo largo de su carrera para un papa bastante importante, <strong>Urbano VIII<\/strong>. Este papa fue un gran mecenas, perteneciente a la familia de los Barberini, y durante su pontificado el arte fue un medio con el cual se expresaba y se manifestaba el rango nobiliario de la familia papal. En este periodo, el barroco era el estilo que mejor serv\u00eda para manifestar una serie de conceptos e ideas relacionadas con los programas de estos personajes de la vida religiosa y pol\u00edtica de Roma. Urbano fue entonces un mecenas, apasionado del arte y de la literatura, aunque desafortunadamente su fama tambi\u00e9n est\u00e1 vinculada a la condena de Galileo Galilei.<\/p>\n<p>Pero, con Urbano VIII, Gian Lorenzo Bernini se convirti\u00f3 en el artista oficial de la corte y se debe a este arquitecto y artista la realizaci\u00f3n de numerosas obras que adornan el centro urbano de la capital.<\/p>\n<p><strong>La familia Barberini pose\u00eda un escudo de armas que conten\u00eda tres abejas en fondo azul al lado de una tiara papal y las llaves de San Pedro<\/strong>. No es casual que much\u00edsimos papas y personajes importantes hayan recurrido a s\u00edmbolos para manifestar su posici\u00f3n y resaltar sus propios programas e ideales. La abeja es desde siempre un s\u00edmbolo de laboriosidad, dedicaci\u00f3n y elocuencia. <em>San Ambrosio<\/em> y <em>San Bernardo de Chiaravalle<\/em>, los dos conocedores y divulgadores de las Sagradas Escrituras, fueron asociados a este s\u00edmbolo, y en las fuentes hagiogr\u00e1ficas se encuentran a menudo en el centro de episodios cuyas protagonistas son las abejas.<\/p>\n<p>La iglesia fue frecuentemente vista e interpretada, desde la \u00e9poca paleocristiana, como una colmena en la cual los creyentes y las figuras del clero eran como peque\u00f1as abejas laboriosas y devotas. La miel era, entonces, met\u00e1fora de la dulzura de la palabra divina y del mensaje cristol\u00f3gico.<\/p>\n<p>En realidad, este s\u00edmbolo es muy antiguo e incluso Zeus, el padre de todos los dioses, era frecuentemente llamado Meliseo, y seg\u00fan algunas fuentes fue alimentado por abejas, en Creta cuando era ni\u00f1o, y les dio el color dorado. No es de extra\u00f1ar, por lo tanto, que estos peque\u00f1os y laboriosos animales fueron utilizados simb\u00f3licamente a lo largo de la historia.<\/p>\n<div id=\"attachment_171\" style=\"width: 560px\" class=\"wp-caption aligncenter\"><img decoding=\"async\" aria-describedby=\"caption-attachment-171\" class=\"size-large wp-image-171\" src=\"http:\/\/www.scuolaromit.com\/esp\/wp-content\/uploads\/sites\/3\/2014\/12\/RomaBerniniFontanaApi-550x622.jpg\" alt=\"Bernini - Fountain of bees\" width=\"550\" height=\"622\" \/><p id=\"caption-attachment-171\" class=\"wp-caption-text\">Bernini &#8211; Fountain of bees<\/p><\/div>\n<p><strong>Las abejas fueron utilizadas como s\u00edmbolo importante por la familia Barberini<\/strong>, y consecuentemente fueron utilizadas por Bernini para adornar sus creaciones. Entre ellas, resalta por monumentalidad e importancia el Baldaquino de San Pedro. Y \u00bfc\u00f3mo no hablar de <a href=\"http:\/\/www.scuolaromit.com\/es\/paseando-por-roma-el-esplendor-del-barroco-las-fuentes\/\">las maravillosas fuentes en Roma<\/a> que proyect\u00f3 Bernini, siempre por encargo de la familia papal? En la hom\u00f3nima Plaza Barberini surge la <strong><em>Fuente del Trit\u00f3n<\/em><\/strong> realizada en travertino con el motivo del delf\u00edn, de la concha y del trit\u00f3n, y con la presencia del escudo de armas papal de los Barberini con tiara, llaves y abejas. Poco tempo despu\u00e9s de esta construcci\u00f3n, Bernini realiz\u00f3 la llamada <strong><em>Fontana delle api<\/em><\/strong> (<em>Fuente de las abejas<\/em>), que se remonta a mitad del siglo XVII y fue posicionada en la esquina entre Plaza Barberini y Calle Sistina. Hoy en d\u00eda, en cambio, se encuentra en Calle Veneto gracias a la restauraci\u00f3n y recuperaci\u00f3n de fragmentos de la fuente original que, anteriormente, hab\u00eda sido desmontada y colocada en unos dep\u00f3sitos de la zona Testaccio en Roma.<\/p>\n<p><strong>\u00bfC\u00f3mo no mencionar el monumento sepulcral de Urbano VIII?<\/strong> En la bas\u00edlica vaticana hay un nicho que aloja su monumento y que necesit\u00f3 alrededor de veinte a\u00f1os de trabajo del arquitecto. La obra fue completada en 1647 y todav\u00eda es imposible permanecer indiferentes frente al refinamiento del m\u00e1rmol blanco, con el cual fueron realizadas las estatuas aleg\u00f3ricas o personificaciones de la Caridad y de la Justicia. Esta \u00faltima sujeta precisamente una espada con abejas, y el mismo motivo aparece m\u00e1s veces como decoraci\u00f3n en el \u00e1rea del sepulcro.<\/p>\n","protected":false},"excerpt":{"rendered":"<p>A lo largo del siglo XVII la ciudad de Roma  [&#8230;]<\/p>\n","protected":false},"author":3,"featured_media":0,"comment_status":"open","ping_status":"open","sticky":false,"template":"","format":"standard","meta":{"footnotes":""},"categories":[55],"tags":[],"class_list":["post-250","post","type-post","status-publish","format-standard","hentry","category-articulos-es"],"yoast_head":"<!-- This site is optimized with the Yoast SEO plugin v26.5 - https:\/\/yoast.com\/wordpress\/plugins\/seo\/ -->\n<title>Las Abejas de la familia Barberini en Roma y Bernini &#8211; Scuola Romit<\/title>\n<meta name=\"robots\" content=\"index, follow, max-snippet:-1, max-image-preview:large, max-video-preview:-1\" \/>\n<link rel=\"canonical\" href=\"https:\/\/scuolaromit.com\/es\/las-abejas-de-la-familia-barberini-en-roma-y-bernini\/\" \/>\n<meta property=\"og:locale\" content=\"es_ES\" \/>\n<meta property=\"og:type\" content=\"article\" \/>\n<meta property=\"og:title\" content=\"Las Abejas de la familia Barberini en Roma y Bernini &#8211; Scuola Romit\" \/>\n<meta property=\"og:description\" content=\"A lo largo del siglo XVII la ciudad de Roma [...]\" \/>\n<meta property=\"og:url\" content=\"https:\/\/scuolaromit.com\/es\/las-abejas-de-la-familia-barberini-en-roma-y-bernini\/\" \/>\n<meta property=\"og:site_name\" content=\"Scuola Romit\" \/>\n<meta property=\"article:publisher\" content=\"https:\/\/www.facebook.com\/ScuolaRomit\" \/>\n<meta property=\"article:published_time\" content=\"2015-01-29T07:00:29+00:00\" \/>\n<meta property=\"article:modified_time\" content=\"2021-05-03T15:46:01+00:00\" \/>\n<meta property=\"og:image\" content=\"http:\/\/www.scuolaromit.com\/esp\/wp-content\/uploads\/sites\/3\/2014\/12\/Gian_Lorenzo_Bernini-550x715.jpg\" \/>\n<meta name=\"author\" content=\"scuolaromit\" \/>\n<meta name=\"twitter:card\" content=\"summary_large_image\" \/>\n<meta name=\"twitter:label1\" content=\"Escrito por\" \/>\n\t<meta name=\"twitter:data1\" content=\"scuolaromit\" \/>\n\t<meta name=\"twitter:label2\" content=\"Tiempo de lectura\" \/>\n\t<meta name=\"twitter:data2\" content=\"4 minutos\" \/>\n<script type=\"application\/ld+json\" class=\"yoast-schema-graph\">{\"@context\":\"https:\/\/schema.org\",\"@graph\":[{\"@type\":\"Article\",\"@id\":\"https:\/\/scuolaromit.com\/es\/las-abejas-de-la-familia-barberini-en-roma-y-bernini\/#article\",\"isPartOf\":{\"@id\":\"https:\/\/scuolaromit.com\/es\/las-abejas-de-la-familia-barberini-en-roma-y-bernini\/\"},\"author\":{\"name\":\"scuolaromit\",\"@id\":\"https:\/\/scuolaromit.com\/fr\/#\/schema\/person\/4b236a84dc94303b142b56864d9823ec\"},\"headline\":\"Las Abejas de la familia Barberini en Roma y Bernini\",\"datePublished\":\"2015-01-29T07:00:29+00:00\",\"dateModified\":\"2021-05-03T15:46:01+00:00\",\"mainEntityOfPage\":{\"@id\":\"https:\/\/scuolaromit.com\/es\/las-abejas-de-la-familia-barberini-en-roma-y-bernini\/\"},\"wordCount\":817,\"commentCount\":0,\"publisher\":{\"@id\":\"https:\/\/scuolaromit.com\/fr\/#organization\"},\"image\":{\"@id\":\"https:\/\/scuolaromit.com\/es\/las-abejas-de-la-familia-barberini-en-roma-y-bernini\/#primaryimage\"},\"thumbnailUrl\":\"http:\/\/www.scuolaromit.com\/esp\/wp-content\/uploads\/sites\/3\/2014\/12\/Gian_Lorenzo_Bernini-550x715.jpg\",\"articleSection\":[\"Articulos ES\"],\"inLanguage\":\"es\",\"potentialAction\":[{\"@type\":\"CommentAction\",\"name\":\"Comment\",\"target\":[\"https:\/\/scuolaromit.com\/es\/las-abejas-de-la-familia-barberini-en-roma-y-bernini\/#respond\"]}]},{\"@type\":\"WebPage\",\"@id\":\"https:\/\/scuolaromit.com\/es\/las-abejas-de-la-familia-barberini-en-roma-y-bernini\/\",\"url\":\"https:\/\/scuolaromit.com\/es\/las-abejas-de-la-familia-barberini-en-roma-y-bernini\/\",\"name\":\"Las Abejas de la familia Barberini en Roma y Bernini &#8211; Scuola Romit\",\"isPartOf\":{\"@id\":\"https:\/\/scuolaromit.com\/fr\/#website\"},\"primaryImageOfPage\":{\"@id\":\"https:\/\/scuolaromit.com\/es\/las-abejas-de-la-familia-barberini-en-roma-y-bernini\/#primaryimage\"},\"image\":{\"@id\":\"https:\/\/scuolaromit.com\/es\/las-abejas-de-la-familia-barberini-en-roma-y-bernini\/#primaryimage\"},\"thumbnailUrl\":\"http:\/\/www.scuolaromit.com\/esp\/wp-content\/uploads\/sites\/3\/2014\/12\/Gian_Lorenzo_Bernini-550x715.jpg\",\"datePublished\":\"2015-01-29T07:00:29+00:00\",\"dateModified\":\"2021-05-03T15:46:01+00:00\",\"breadcrumb\":{\"@id\":\"https:\/\/scuolaromit.com\/es\/las-abejas-de-la-familia-barberini-en-roma-y-bernini\/#breadcrumb\"},\"inLanguage\":\"es\",\"potentialAction\":[{\"@type\":\"ReadAction\",\"target\":[\"https:\/\/scuolaromit.com\/es\/las-abejas-de-la-familia-barberini-en-roma-y-bernini\/\"]}]},{\"@type\":\"ImageObject\",\"inLanguage\":\"es\",\"@id\":\"https:\/\/scuolaromit.com\/es\/las-abejas-de-la-familia-barberini-en-roma-y-bernini\/#primaryimage\",\"url\":\"http:\/\/www.scuolaromit.com\/esp\/wp-content\/uploads\/sites\/3\/2014\/12\/Gian_Lorenzo_Bernini-550x715.jpg\",\"contentUrl\":\"http:\/\/www.scuolaromit.com\/esp\/wp-content\/uploads\/sites\/3\/2014\/12\/Gian_Lorenzo_Bernini-550x715.jpg\"},{\"@type\":\"BreadcrumbList\",\"@id\":\"https:\/\/scuolaromit.com\/es\/las-abejas-de-la-familia-barberini-en-roma-y-bernini\/#breadcrumb\",\"itemListElement\":[{\"@type\":\"ListItem\",\"position\":1,\"name\":\"Accueil\",\"item\":\"https:\/\/scuolaromit.com\/es\/\"},{\"@type\":\"ListItem\",\"position\":2,\"name\":\"Las Abejas de la familia Barberini en Roma y Bernini\"}]},{\"@type\":\"WebSite\",\"@id\":\"https:\/\/scuolaromit.com\/fr\/#website\",\"url\":\"https:\/\/scuolaromit.com\/fr\/\",\"name\":\"Scuola Romit\",\"description\":\"La scuola per imparare l&#039;italiano vivendolo\",\"publisher\":{\"@id\":\"https:\/\/scuolaromit.com\/fr\/#organization\"},\"potentialAction\":[{\"@type\":\"SearchAction\",\"target\":{\"@type\":\"EntryPoint\",\"urlTemplate\":\"https:\/\/scuolaromit.com\/fr\/?s={search_term_string}\"},\"query-input\":{\"@type\":\"PropertyValueSpecification\",\"valueRequired\":true,\"valueName\":\"search_term_string\"}}],\"inLanguage\":\"es\"},{\"@type\":\"Organization\",\"@id\":\"https:\/\/scuolaromit.com\/fr\/#organization\",\"name\":\"Scuola Romit\",\"url\":\"https:\/\/scuolaromit.com\/fr\/\",\"logo\":{\"@type\":\"ImageObject\",\"inLanguage\":\"es\",\"@id\":\"https:\/\/scuolaromit.com\/fr\/#\/schema\/logo\/image\/\",\"url\":\"https:\/\/scuolaromit.com\/wp-content\/uploads\/2020\/07\/logo-1.jpg\",\"contentUrl\":\"https:\/\/scuolaromit.com\/wp-content\/uploads\/2020\/07\/logo-1.jpg\",\"width\":452,\"height\":152,\"caption\":\"Scuola Romit\"},\"image\":{\"@id\":\"https:\/\/scuolaromit.com\/fr\/#\/schema\/logo\/image\/\"},\"sameAs\":[\"https:\/\/www.facebook.com\/ScuolaRomit\",\"https:\/\/www.instagram.com\/scuolaromit\/\"]},{\"@type\":\"Person\",\"@id\":\"https:\/\/scuolaromit.com\/fr\/#\/schema\/person\/4b236a84dc94303b142b56864d9823ec\",\"name\":\"scuolaromit\",\"image\":{\"@type\":\"ImageObject\",\"inLanguage\":\"es\",\"@id\":\"https:\/\/scuolaromit.com\/fr\/#\/schema\/person\/image\/\",\"url\":\"https:\/\/secure.gravatar.com\/avatar\/363442ba35974175a79e19d11efcb05f3f78296827a7dfd49f84dd549f4144e9?s=96&d=mm&r=g\",\"contentUrl\":\"https:\/\/secure.gravatar.com\/avatar\/363442ba35974175a79e19d11efcb05f3f78296827a7dfd49f84dd549f4144e9?s=96&d=mm&r=g\",\"caption\":\"scuolaromit\"}}]}<\/script>\n<!-- \/ Yoast SEO plugin. -->","yoast_head_json":{"title":"Las Abejas de la familia Barberini en Roma y Bernini &#8211; Scuola Romit","robots":{"index":"index","follow":"follow","max-snippet":"max-snippet:-1","max-image-preview":"max-image-preview:large","max-video-preview":"max-video-preview:-1"},"canonical":"https:\/\/scuolaromit.com\/es\/las-abejas-de-la-familia-barberini-en-roma-y-bernini\/","og_locale":"es_ES","og_type":"article","og_title":"Las Abejas de la familia Barberini en Roma y Bernini &#8211; Scuola Romit","og_description":"A lo largo del siglo XVII la ciudad de Roma [...]","og_url":"https:\/\/scuolaromit.com\/es\/las-abejas-de-la-familia-barberini-en-roma-y-bernini\/","og_site_name":"Scuola Romit","article_publisher":"https:\/\/www.facebook.com\/ScuolaRomit","article_published_time":"2015-01-29T07:00:29+00:00","article_modified_time":"2021-05-03T15:46:01+00:00","og_image":[{"url":"http:\/\/www.scuolaromit.com\/esp\/wp-content\/uploads\/sites\/3\/2014\/12\/Gian_Lorenzo_Bernini-550x715.jpg","type":"","width":"","height":""}],"author":"scuolaromit","twitter_card":"summary_large_image","twitter_misc":{"Escrito por":"scuolaromit","Tiempo de lectura":"4 minutos"},"schema":{"@context":"https:\/\/schema.org","@graph":[{"@type":"Article","@id":"https:\/\/scuolaromit.com\/es\/las-abejas-de-la-familia-barberini-en-roma-y-bernini\/#article","isPartOf":{"@id":"https:\/\/scuolaromit.com\/es\/las-abejas-de-la-familia-barberini-en-roma-y-bernini\/"},"author":{"name":"scuolaromit","@id":"https:\/\/scuolaromit.com\/fr\/#\/schema\/person\/4b236a84dc94303b142b56864d9823ec"},"headline":"Las Abejas de la familia Barberini en Roma y Bernini","datePublished":"2015-01-29T07:00:29+00:00","dateModified":"2021-05-03T15:46:01+00:00","mainEntityOfPage":{"@id":"https:\/\/scuolaromit.com\/es\/las-abejas-de-la-familia-barberini-en-roma-y-bernini\/"},"wordCount":817,"commentCount":0,"publisher":{"@id":"https:\/\/scuolaromit.com\/fr\/#organization"},"image":{"@id":"https:\/\/scuolaromit.com\/es\/las-abejas-de-la-familia-barberini-en-roma-y-bernini\/#primaryimage"},"thumbnailUrl":"http:\/\/www.scuolaromit.com\/esp\/wp-content\/uploads\/sites\/3\/2014\/12\/Gian_Lorenzo_Bernini-550x715.jpg","articleSection":["Articulos ES"],"inLanguage":"es","potentialAction":[{"@type":"CommentAction","name":"Comment","target":["https:\/\/scuolaromit.com\/es\/las-abejas-de-la-familia-barberini-en-roma-y-bernini\/#respond"]}]},{"@type":"WebPage","@id":"https:\/\/scuolaromit.com\/es\/las-abejas-de-la-familia-barberini-en-roma-y-bernini\/","url":"https:\/\/scuolaromit.com\/es\/las-abejas-de-la-familia-barberini-en-roma-y-bernini\/","name":"Las Abejas de la familia Barberini en Roma y Bernini &#8211; Scuola Romit","isPartOf":{"@id":"https:\/\/scuolaromit.com\/fr\/#website"},"primaryImageOfPage":{"@id":"https:\/\/scuolaromit.com\/es\/las-abejas-de-la-familia-barberini-en-roma-y-bernini\/#primaryimage"},"image":{"@id":"https:\/\/scuolaromit.com\/es\/las-abejas-de-la-familia-barberini-en-roma-y-bernini\/#primaryimage"},"thumbnailUrl":"http:\/\/www.scuolaromit.com\/esp\/wp-content\/uploads\/sites\/3\/2014\/12\/Gian_Lorenzo_Bernini-550x715.jpg","datePublished":"2015-01-29T07:00:29+00:00","dateModified":"2021-05-03T15:46:01+00:00","breadcrumb":{"@id":"https:\/\/scuolaromit.com\/es\/las-abejas-de-la-familia-barberini-en-roma-y-bernini\/#breadcrumb"},"inLanguage":"es","potentialAction":[{"@type":"ReadAction","target":["https:\/\/scuolaromit.com\/es\/las-abejas-de-la-familia-barberini-en-roma-y-bernini\/"]}]},{"@type":"ImageObject","inLanguage":"es","@id":"https:\/\/scuolaromit.com\/es\/las-abejas-de-la-familia-barberini-en-roma-y-bernini\/#primaryimage","url":"http:\/\/www.scuolaromit.com\/esp\/wp-content\/uploads\/sites\/3\/2014\/12\/Gian_Lorenzo_Bernini-550x715.jpg","contentUrl":"http:\/\/www.scuolaromit.com\/esp\/wp-content\/uploads\/sites\/3\/2014\/12\/Gian_Lorenzo_Bernini-550x715.jpg"},{"@type":"BreadcrumbList","@id":"https:\/\/scuolaromit.com\/es\/las-abejas-de-la-familia-barberini-en-roma-y-bernini\/#breadcrumb","itemListElement":[{"@type":"ListItem","position":1,"name":"Accueil","item":"https:\/\/scuolaromit.com\/es\/"},{"@type":"ListItem","position":2,"name":"Las Abejas de la familia Barberini en Roma y Bernini"}]},{"@type":"WebSite","@id":"https:\/\/scuolaromit.com\/fr\/#website","url":"https:\/\/scuolaromit.com\/fr\/","name":"Scuola Romit","description":"La scuola per imparare l&#039;italiano vivendolo","publisher":{"@id":"https:\/\/scuolaromit.com\/fr\/#organization"},"potentialAction":[{"@type":"SearchAction","target":{"@type":"EntryPoint","urlTemplate":"https:\/\/scuolaromit.com\/fr\/?s={search_term_string}"},"query-input":{"@type":"PropertyValueSpecification","valueRequired":true,"valueName":"search_term_string"}}],"inLanguage":"es"},{"@type":"Organization","@id":"https:\/\/scuolaromit.com\/fr\/#organization","name":"Scuola Romit","url":"https:\/\/scuolaromit.com\/fr\/","logo":{"@type":"ImageObject","inLanguage":"es","@id":"https:\/\/scuolaromit.com\/fr\/#\/schema\/logo\/image\/","url":"https:\/\/scuolaromit.com\/wp-content\/uploads\/2020\/07\/logo-1.jpg","contentUrl":"https:\/\/scuolaromit.com\/wp-content\/uploads\/2020\/07\/logo-1.jpg","width":452,"height":152,"caption":"Scuola Romit"},"image":{"@id":"https:\/\/scuolaromit.com\/fr\/#\/schema\/logo\/image\/"},"sameAs":["https:\/\/www.facebook.com\/ScuolaRomit","https:\/\/www.instagram.com\/scuolaromit\/"]},{"@type":"Person","@id":"https:\/\/scuolaromit.com\/fr\/#\/schema\/person\/4b236a84dc94303b142b56864d9823ec","name":"scuolaromit","image":{"@type":"ImageObject","inLanguage":"es","@id":"https:\/\/scuolaromit.com\/fr\/#\/schema\/person\/image\/","url":"https:\/\/secure.gravatar.com\/avatar\/363442ba35974175a79e19d11efcb05f3f78296827a7dfd49f84dd549f4144e9?s=96&d=mm&r=g","contentUrl":"https:\/\/secure.gravatar.com\/avatar\/363442ba35974175a79e19d11efcb05f3f78296827a7dfd49f84dd549f4144e9?s=96&d=mm&r=g","caption":"scuolaromit"}}]}},"_links":{"self":[{"href":"https:\/\/scuolaromit.com\/es\/wp-json\/wp\/v2\/posts\/250","targetHints":{"allow":["GET"]}}],"collection":[{"href":"https:\/\/scuolaromit.com\/es\/wp-json\/wp\/v2\/posts"}],"about":[{"href":"https:\/\/scuolaromit.com\/es\/wp-json\/wp\/v2\/types\/post"}],"author":[{"embeddable":true,"href":"https:\/\/scuolaromit.com\/es\/wp-json\/wp\/v2\/users\/3"}],"replies":[{"embeddable":true,"href":"https:\/\/scuolaromit.com\/es\/wp-json\/wp\/v2\/comments?post=250"}],"version-history":[{"count":3,"href":"https:\/\/scuolaromit.com\/es\/wp-json\/wp\/v2\/posts\/250\/revisions"}],"predecessor-version":[{"id":3816,"href":"https:\/\/scuolaromit.com\/es\/wp-json\/wp\/v2\/posts\/250\/revisions\/3816"}],"wp:attachment":[{"href":"https:\/\/scuolaromit.com\/es\/wp-json\/wp\/v2\/media?parent=250"}],"wp:term":[{"taxonomy":"category","embeddable":true,"href":"https:\/\/scuolaromit.com\/es\/wp-json\/wp\/v2\/categories?post=250"},{"taxonomy":"post_tag","embeddable":true,"href":"https:\/\/scuolaromit.com\/es\/wp-json\/wp\/v2\/tags?post=250"}],"curies":[{"name":"wp","href":"https:\/\/api.w.org\/{rel}","templated":true}]}}